{"id":6490,"date":"2021-02-17T11:55:53","date_gmt":"2021-02-17T11:55:53","guid":{"rendered":"https:\/\/blog.spheriq.ch\/?p=6490"},"modified":"2021-09-23T13:26:10","modified_gmt":"2021-09-23T11:26:10","slug":"swiss-philanthropy-performance-index-im-januar-schwacher-jahresauftakt","status":"publish","type":"post","link":"https:\/\/spheriq.ch\/blog\/swiss-philanthropy-performance-index-im-januar-schwacher-jahresauftakt\/","title":{"rendered":"Swiss Philanthropy Performance Index im Januar: Schwacher Jahresauftakt"},"content":{"rendered":"\n<p class=\"wp-block-paragraph\">Das neue Anlagejahr begann aus Sicht der gemeinn\u00fctzigen Organisationen in der Schweiz eher schwach. Die Gr\u00fcnde f\u00fcr ein Ausbleiben der sonst \u00fcblichen Januar-Euphorie: Unsicherheiten um die konjunkturelle Entwicklung \u2013 vor allem wegen der unbestimmten L\u00e4nge der notwendigen Corona-Massnahmen \u2013 und spekulative Turbulenzen am amerikanischen Aktienmarkt. Die Organisationen, deren Performance in die Berechnung des Swiss Philanthropy Performance Index (SwiPhiX) eingeht, realisierten im Januar im Schnitt ein knappes Minus von 0,3% auf ihren Anlagen. <\/p>\n\n\n\n<h2 id=\"daempfer-laesst-sich-gut-verkraften\"  class=\"wp-block-heading\">D\u00e4mpfer l\u00e4sst sich gut verkraften<\/h2>\n\n\n\n<p class=\"wp-block-paragraph\">Nach der erfreulichen Schlussbilanz f\u00fcr das Jahr 2020, in dem trotz Corona-Krise eine Durchschnitts-Performance von 4,6% Wachstum verbucht werden konnte, l\u00e4sst sich dieser D\u00e4mpfer aber gut verkraften. Ohnehin ist es sinnvoll, den Blick eher auf einen mittel- bis langfristigen Horizont zu lenken. Und auch wenn die vergangene Performance kein Indikator f\u00fcr die zuk\u00fcnftige Wertentwickung ist, sind die 28,5%, welche im Durchschnitt \u00fcber die letzten 5 Jahre realisiert wurden, doch sehr bemerkenswert.<\/p>\n\n\n\n<figure class=\"wp-block-image size-large\"><img loading=\"lazy\" decoding=\"async\" width=\"964\" height=\"539\" src=\"https:\/\/spheriq.ch\/blog\/wp-content\/uploads\/2021\/02\/Bildschirmfoto-2021-02-17-um-12.31.37.png\" alt=\"\" class=\"wp-image-6491\" srcset=\"https:\/\/spheriq.ch\/blog\/wp-content\/uploads\/2021\/02\/Bildschirmfoto-2021-02-17-um-12.31.37.png 964w, https:\/\/spheriq.ch\/blog\/wp-content\/uploads\/2021\/02\/Bildschirmfoto-2021-02-17-um-12.31.37-300x168.png 300w, https:\/\/spheriq.ch\/blog\/wp-content\/uploads\/2021\/02\/Bildschirmfoto-2021-02-17-um-12.31.37-768x429.png 768w\" sizes=\"auto, (max-width: 964px) 100vw, 964px\" \/><\/figure>\n\n\n\n<p class=\"wp-block-paragraph\"><a href=\"https:\/\/app.spheriq.ch\/s\/sppi\" target=\"_blank\" aria-label=\"undefined (opens in a new tab)\" rel=\"noreferrer noopener\">Weitere Informationen zum Index<\/a><\/p>\n\n\n\n<p class=\"wp-block-paragraph\"><\/p>\n\n\n\n<p style=\"font-size:10px\">Bild: Jen Theodore\/Unsplash<\/p>\n\n\n\n<p class=\"wp-block-paragraph\"><\/p>\n","protected":false},"excerpt":{"rendered":"Das neue Anlagejahr begann aus Sicht der gemeinn\u00fctzigen Organisationen in der Schweiz eher schwach. Die Gr\u00fcnde f\u00fcr ein Ausbleiben der sonst \u00fcblichen Januar-Euphorie: Unsicherheiten um die konjunkturelle Entwicklung \u2013 vor allem wegen der unbestimmten L\u00e4nge der notwendigen Corona-Massnahmen \u2013 und spekulative Turbulenzen am amerikanischen Aktienmarkt. Die Organisationen, deren Performance in die Berechnung des Swiss Philanthropy&#8230;","protected":false},"author":11,"featured_media":6495,"comment_status":"open","ping_status":"open","sticky":false,"template":"","format":"image","meta":{"_acf_changed":false,"footnotes":""},"categories":[523,1117],"tags":[474],"post_label":[],"class_list":["post-6490","post","type-post","status-publish","format-image","has-post-thumbnail","hentry","category-sektor","category-national","tag-swiphix","post_format-post-format-image"],"acf":[],"yoast_head":"<!-- This site is optimized with the Yoast SEO plugin v28.2 - https:\/\/yoast.com\/product\/yoast-seo-wordpress\/ -->\n<title>Swiss Philanthropy Performance Index im Januar: Schwacher Jahresauftakt - Spheriq-Blog<\/title>\n<meta name=\"description\" content=\"Wie performten die Anlagen gemeinn\u00fctziger Organisationen im Januar 2021? Unser Autor Hansj\u00f6rg Schmidt hat die Lage analysiert.\" \/>\n<meta name=\"robots\" content=\"index, follow, max-snippet:-1, max-image-preview:large, max-video-preview:-1\" \/>\n<link rel=\"canonical\" href=\"https:\/\/spheriq.ch\/blog\/swiss-philanthropy-performance-index-im-januar-schwacher-jahresauftakt\/\" \/>\n<meta property=\"og:locale\" content=\"de_DE\" \/>\n<meta property=\"og:type\" content=\"article\" \/>\n<meta property=\"og:title\" content=\"Swiss Philanthropy Performance Index im Januar: Schwacher Jahresauftakt - Spheriq-Blog\" \/>\n<meta property=\"og:description\" content=\"Wie performten die Anlagen gemeinn\u00fctziger Organisationen im Januar 2021? Unser Autor Hansj\u00f6rg Schmidt hat die Lage analysiert.\" \/>\n<meta property=\"og:url\" content=\"https:\/\/spheriq.ch\/blog\/swiss-philanthropy-performance-index-im-januar-schwacher-jahresauftakt\/\" \/>\n<meta property=\"og:site_name\" content=\"Spheriq-Blog\" \/>\n<meta property=\"article:published_time\" content=\"2021-02-17T11:55:53+00:00\" \/>\n<meta property=\"article:modified_time\" content=\"2021-09-23T11:26:10+00:00\" \/>\n<meta property=\"og:image\" content=\"https:\/\/spheriq.ch\/blog\/wp-content\/uploads\/2021\/02\/logan-weaver-PJYOpJCcbRg-unsplash.jpg\" \/>\n\t<meta property=\"og:image:width\" content=\"640\" \/>\n\t<meta property=\"og:image:height\" content=\"960\" \/>\n\t<meta property=\"og:image:type\" content=\"image\/jpeg\" \/>\n<meta name=\"author\" content=\"Hansjoerg Schmidt\" \/>\n<meta name=\"twitter:card\" content=\"summary_large_image\" \/>\n<meta name=\"twitter:creator\" content=\"@moritz.brunner@spheriq.ch\" \/>\n<meta name=\"twitter:label1\" content=\"Verfasst von\" \/>\n\t<meta name=\"twitter:data1\" content=\"Hansjoerg Schmidt\" \/>\n\t<meta name=\"twitter:label2\" content=\"Gesch\u00e4tzte Lesezeit\" \/>\n\t<meta name=\"twitter:data2\" content=\"1\u00a0Minute\" \/>\n<script type=\"application\/ld+json\" class=\"yoast-schema-graph\">{\"@context\":\"https:\\\/\\\/schema.org\",\"@graph\":[{\"@type\":\"Article\",\"@id\":\"https:\\\/\\\/spheriq.ch\\\/blog\\\/swiss-philanthropy-performance-index-im-januar-schwacher-jahresauftakt\\\/#article\",\"isPartOf\":{\"@id\":\"https:\\\/\\\/spheriq.ch\\\/blog\\\/swiss-philanthropy-performance-index-im-januar-schwacher-jahresauftakt\\\/\"},\"author\":{\"name\":\"Hansjoerg Schmidt\",\"@id\":\"https:\\\/\\\/spheriq.ch\\\/blog\\\/#\\\/schema\\\/person\\\/3163484c536419419927dfcc3a23d008\"},\"headline\":\"Swiss Philanthropy Performance Index im Januar: Schwacher Jahresauftakt\",\"datePublished\":\"2021-02-17T11:55:53+00:00\",\"dateModified\":\"2021-09-23T11:26:10+00:00\",\"mainEntityOfPage\":{\"@id\":\"https:\\\/\\\/spheriq.ch\\\/blog\\\/swiss-philanthropy-performance-index-im-januar-schwacher-jahresauftakt\\\/\"},\"wordCount\":168,\"commentCount\":0,\"image\":{\"@id\":\"https:\\\/\\\/spheriq.ch\\\/blog\\\/swiss-philanthropy-performance-index-im-januar-schwacher-jahresauftakt\\\/#primaryimage\"},\"thumbnailUrl\":\"https:\\\/\\\/spheriq.ch\\\/blog\\\/wp-content\\\/uploads\\\/2021\\\/02\\\/logan-weaver-PJYOpJCcbRg-unsplash.jpg\",\"keywords\":[\"SwiPhiX\"],\"articleSection\":[\"Aus dem Sektor\",\"National\"],\"inLanguage\":\"de\",\"potentialAction\":[{\"@type\":\"CommentAction\",\"name\":\"Comment\",\"target\":[\"https:\\\/\\\/spheriq.ch\\\/blog\\\/swiss-philanthropy-performance-index-im-januar-schwacher-jahresauftakt\\\/#respond\"]}]},{\"@type\":\"WebPage\",\"@id\":\"https:\\\/\\\/spheriq.ch\\\/blog\\\/swiss-philanthropy-performance-index-im-januar-schwacher-jahresauftakt\\\/\",\"url\":\"https:\\\/\\\/spheriq.ch\\\/blog\\\/swiss-philanthropy-performance-index-im-januar-schwacher-jahresauftakt\\\/\",\"name\":\"Swiss Philanthropy Performance Index im Januar: Schwacher Jahresauftakt - Spheriq-Blog\",\"isPartOf\":{\"@id\":\"https:\\\/\\\/spheriq.ch\\\/blog\\\/#website\"},\"primaryImageOfPage\":{\"@id\":\"https:\\\/\\\/spheriq.ch\\\/blog\\\/swiss-philanthropy-performance-index-im-januar-schwacher-jahresauftakt\\\/#primaryimage\"},\"image\":{\"@id\":\"https:\\\/\\\/spheriq.ch\\\/blog\\\/swiss-philanthropy-performance-index-im-januar-schwacher-jahresauftakt\\\/#primaryimage\"},\"thumbnailUrl\":\"https:\\\/\\\/spheriq.ch\\\/blog\\\/wp-content\\\/uploads\\\/2021\\\/02\\\/logan-weaver-PJYOpJCcbRg-unsplash.jpg\",\"datePublished\":\"2021-02-17T11:55:53+00:00\",\"dateModified\":\"2021-09-23T11:26:10+00:00\",\"author\":{\"@id\":\"https:\\\/\\\/spheriq.ch\\\/blog\\\/#\\\/schema\\\/person\\\/3163484c536419419927dfcc3a23d008\"},\"description\":\"Wie performten die Anlagen gemeinn\u00fctziger Organisationen im Januar 2021? Unser Autor Hansj\u00f6rg Schmidt hat die Lage analysiert.\",\"breadcrumb\":{\"@id\":\"https:\\\/\\\/spheriq.ch\\\/blog\\\/swiss-philanthropy-performance-index-im-januar-schwacher-jahresauftakt\\\/#breadcrumb\"},\"inLanguage\":\"de\",\"potentialAction\":[{\"@type\":\"ReadAction\",\"target\":[\"https:\\\/\\\/spheriq.ch\\\/blog\\\/swiss-philanthropy-performance-index-im-januar-schwacher-jahresauftakt\\\/\"]}]},{\"@type\":\"ImageObject\",\"inLanguage\":\"de\",\"@id\":\"https:\\\/\\\/spheriq.ch\\\/blog\\\/swiss-philanthropy-performance-index-im-januar-schwacher-jahresauftakt\\\/#primaryimage\",\"url\":\"https:\\\/\\\/spheriq.ch\\\/blog\\\/wp-content\\\/uploads\\\/2021\\\/02\\\/logan-weaver-PJYOpJCcbRg-unsplash.jpg\",\"contentUrl\":\"https:\\\/\\\/spheriq.ch\\\/blog\\\/wp-content\\\/uploads\\\/2021\\\/02\\\/logan-weaver-PJYOpJCcbRg-unsplash.jpg\",\"width\":640,\"height\":960},{\"@type\":\"BreadcrumbList\",\"@id\":\"https:\\\/\\\/spheriq.ch\\\/blog\\\/swiss-philanthropy-performance-index-im-januar-schwacher-jahresauftakt\\\/#breadcrumb\",\"itemListElement\":[{\"@type\":\"ListItem\",\"position\":1,\"name\":\"Home\",\"item\":\"https:\\\/\\\/spheriq.ch\\\/blog\\\/\"},{\"@type\":\"ListItem\",\"position\":2,\"name\":\"Swiss Philanthropy Performance Index im Januar: Schwacher Jahresauftakt\"}]},{\"@type\":\"WebSite\",\"@id\":\"https:\\\/\\\/spheriq.ch\\\/blog\\\/#website\",\"url\":\"https:\\\/\\\/spheriq.ch\\\/blog\\\/\",\"name\":\"Spheriq-Blog\",\"description\":\"Der Blog f\u00fcr Fundraiser, Stiftungsverwalter, Stiftungsr\u00e4te und alle, die sich f\u00fcr Fragen und Themen rund um den gemeinn\u00fctzigen Sektor interessieren.\",\"potentialAction\":[{\"@type\":\"SearchAction\",\"target\":{\"@type\":\"EntryPoint\",\"urlTemplate\":\"https:\\\/\\\/spheriq.ch\\\/blog\\\/?s={search_term_string}\"},\"query-input\":{\"@type\":\"PropertyValueSpecification\",\"valueRequired\":true,\"valueName\":\"search_term_string\"}}],\"inLanguage\":\"de\"},{\"@type\":\"Person\",\"@id\":\"https:\\\/\\\/spheriq.ch\\\/blog\\\/#\\\/schema\\\/person\\\/3163484c536419419927dfcc3a23d008\",\"name\":\"Hansjoerg Schmidt\",\"image\":{\"@type\":\"ImageObject\",\"inLanguage\":\"de\",\"@id\":\"https:\\\/\\\/secure.gravatar.com\\\/avatar\\\/d8a80a0b02383319b0c9149fb914679a8d62c73e32a610c11d795ad65b665cdb?s=96&d=mm&r=g\",\"url\":\"https:\\\/\\\/secure.gravatar.com\\\/avatar\\\/d8a80a0b02383319b0c9149fb914679a8d62c73e32a610c11d795ad65b665cdb?s=96&d=mm&r=g\",\"contentUrl\":\"https:\\\/\\\/secure.gravatar.com\\\/avatar\\\/d8a80a0b02383319b0c9149fb914679a8d62c73e32a610c11d795ad65b665cdb?s=96&d=mm&r=g\",\"caption\":\"Hansjoerg Schmidt\"},\"description\":\"Hansj\u00f6rg Schmidt heads the Foundations department at Z\u00fcrcher Kantonalbank. Together with his team, he supports and advises charitable organizations in all aspects of financial management as a banking partner. The specialist team offers comprehensive conceptual solutions, including relevant strategy and governance aspects, especially in the field of asset management, but also for financing and all other banking services.\",\"sameAs\":[\"https:\\\/\\\/x.com\\\/moritz.brunner@spheriq.ch\"],\"url\":\"https:\\\/\\\/spheriq.ch\\\/blog\\\/author\\\/hansjoerg-schmidt\\\/\"}]}<\/script>\n<!-- \/ Yoast SEO plugin. -->","yoast_head_json":{"title":"Swiss Philanthropy Performance Index im Januar: Schwacher Jahresauftakt - Spheriq-Blog","description":"Wie performten die Anlagen gemeinn\u00fctziger Organisationen im Januar 2021? Unser Autor Hansj\u00f6rg Schmidt hat die Lage analysiert.","robots":{"index":"index","follow":"follow","max-snippet":"max-snippet:-1","max-image-preview":"max-image-preview:large","max-video-preview":"max-video-preview:-1"},"canonical":"https:\/\/spheriq.ch\/blog\/swiss-philanthropy-performance-index-im-januar-schwacher-jahresauftakt\/","og_locale":"de_DE","og_type":"article","og_title":"Swiss Philanthropy Performance Index im Januar: Schwacher Jahresauftakt - Spheriq-Blog","og_description":"Wie performten die Anlagen gemeinn\u00fctziger Organisationen im Januar 2021? Unser Autor Hansj\u00f6rg Schmidt hat die Lage analysiert.","og_url":"https:\/\/spheriq.ch\/blog\/swiss-philanthropy-performance-index-im-januar-schwacher-jahresauftakt\/","og_site_name":"Spheriq-Blog","article_published_time":"2021-02-17T11:55:53+00:00","article_modified_time":"2021-09-23T11:26:10+00:00","og_image":[{"width":640,"height":960,"url":"https:\/\/spheriq.ch\/blog\/wp-content\/uploads\/2021\/02\/logan-weaver-PJYOpJCcbRg-unsplash.jpg","type":"image\/jpeg"}],"author":"Hansjoerg Schmidt","twitter_card":"summary_large_image","twitter_creator":"@moritz.brunner@spheriq.ch","twitter_misc":{"Verfasst von":"Hansjoerg Schmidt","Gesch\u00e4tzte Lesezeit":"1\u00a0Minute"},"schema":{"@context":"https:\/\/schema.org","@graph":[{"@type":"Article","@id":"https:\/\/spheriq.ch\/blog\/swiss-philanthropy-performance-index-im-januar-schwacher-jahresauftakt\/#article","isPartOf":{"@id":"https:\/\/spheriq.ch\/blog\/swiss-philanthropy-performance-index-im-januar-schwacher-jahresauftakt\/"},"author":{"name":"Hansjoerg Schmidt","@id":"https:\/\/spheriq.ch\/blog\/#\/schema\/person\/3163484c536419419927dfcc3a23d008"},"headline":"Swiss Philanthropy Performance Index im Januar: Schwacher Jahresauftakt","datePublished":"2021-02-17T11:55:53+00:00","dateModified":"2021-09-23T11:26:10+00:00","mainEntityOfPage":{"@id":"https:\/\/spheriq.ch\/blog\/swiss-philanthropy-performance-index-im-januar-schwacher-jahresauftakt\/"},"wordCount":168,"commentCount":0,"image":{"@id":"https:\/\/spheriq.ch\/blog\/swiss-philanthropy-performance-index-im-januar-schwacher-jahresauftakt\/#primaryimage"},"thumbnailUrl":"https:\/\/spheriq.ch\/blog\/wp-content\/uploads\/2021\/02\/logan-weaver-PJYOpJCcbRg-unsplash.jpg","keywords":["SwiPhiX"],"articleSection":["Aus dem Sektor","National"],"inLanguage":"de","potentialAction":[{"@type":"CommentAction","name":"Comment","target":["https:\/\/spheriq.ch\/blog\/swiss-philanthropy-performance-index-im-januar-schwacher-jahresauftakt\/#respond"]}]},{"@type":"WebPage","@id":"https:\/\/spheriq.ch\/blog\/swiss-philanthropy-performance-index-im-januar-schwacher-jahresauftakt\/","url":"https:\/\/spheriq.ch\/blog\/swiss-philanthropy-performance-index-im-januar-schwacher-jahresauftakt\/","name":"Swiss Philanthropy Performance Index im Januar: Schwacher Jahresauftakt - Spheriq-Blog","isPartOf":{"@id":"https:\/\/spheriq.ch\/blog\/#website"},"primaryImageOfPage":{"@id":"https:\/\/spheriq.ch\/blog\/swiss-philanthropy-performance-index-im-januar-schwacher-jahresauftakt\/#primaryimage"},"image":{"@id":"https:\/\/spheriq.ch\/blog\/swiss-philanthropy-performance-index-im-januar-schwacher-jahresauftakt\/#primaryimage"},"thumbnailUrl":"https:\/\/spheriq.ch\/blog\/wp-content\/uploads\/2021\/02\/logan-weaver-PJYOpJCcbRg-unsplash.jpg","datePublished":"2021-02-17T11:55:53+00:00","dateModified":"2021-09-23T11:26:10+00:00","author":{"@id":"https:\/\/spheriq.ch\/blog\/#\/schema\/person\/3163484c536419419927dfcc3a23d008"},"description":"Wie performten die Anlagen gemeinn\u00fctziger Organisationen im Januar 2021? Unser Autor Hansj\u00f6rg Schmidt hat die Lage analysiert.","breadcrumb":{"@id":"https:\/\/spheriq.ch\/blog\/swiss-philanthropy-performance-index-im-januar-schwacher-jahresauftakt\/#breadcrumb"},"inLanguage":"de","potentialAction":[{"@type":"ReadAction","target":["https:\/\/spheriq.ch\/blog\/swiss-philanthropy-performance-index-im-januar-schwacher-jahresauftakt\/"]}]},{"@type":"ImageObject","inLanguage":"de","@id":"https:\/\/spheriq.ch\/blog\/swiss-philanthropy-performance-index-im-januar-schwacher-jahresauftakt\/#primaryimage","url":"https:\/\/spheriq.ch\/blog\/wp-content\/uploads\/2021\/02\/logan-weaver-PJYOpJCcbRg-unsplash.jpg","contentUrl":"https:\/\/spheriq.ch\/blog\/wp-content\/uploads\/2021\/02\/logan-weaver-PJYOpJCcbRg-unsplash.jpg","width":640,"height":960},{"@type":"BreadcrumbList","@id":"https:\/\/spheriq.ch\/blog\/swiss-philanthropy-performance-index-im-januar-schwacher-jahresauftakt\/#breadcrumb","itemListElement":[{"@type":"ListItem","position":1,"name":"Home","item":"https:\/\/spheriq.ch\/blog\/"},{"@type":"ListItem","position":2,"name":"Swiss Philanthropy Performance Index im Januar: Schwacher Jahresauftakt"}]},{"@type":"WebSite","@id":"https:\/\/spheriq.ch\/blog\/#website","url":"https:\/\/spheriq.ch\/blog\/","name":"Spheriq-Blog","description":"Der Blog f\u00fcr Fundraiser, Stiftungsverwalter, Stiftungsr\u00e4te und alle, die sich f\u00fcr Fragen und Themen rund um den gemeinn\u00fctzigen Sektor interessieren.","potentialAction":[{"@type":"SearchAction","target":{"@type":"EntryPoint","urlTemplate":"https:\/\/spheriq.ch\/blog\/?s={search_term_string}"},"query-input":{"@type":"PropertyValueSpecification","valueRequired":true,"valueName":"search_term_string"}}],"inLanguage":"de"},{"@type":"Person","@id":"https:\/\/spheriq.ch\/blog\/#\/schema\/person\/3163484c536419419927dfcc3a23d008","name":"Hansjoerg Schmidt","image":{"@type":"ImageObject","inLanguage":"de","@id":"https:\/\/secure.gravatar.com\/avatar\/d8a80a0b02383319b0c9149fb914679a8d62c73e32a610c11d795ad65b665cdb?s=96&d=mm&r=g","url":"https:\/\/secure.gravatar.com\/avatar\/d8a80a0b02383319b0c9149fb914679a8d62c73e32a610c11d795ad65b665cdb?s=96&d=mm&r=g","contentUrl":"https:\/\/secure.gravatar.com\/avatar\/d8a80a0b02383319b0c9149fb914679a8d62c73e32a610c11d795ad65b665cdb?s=96&d=mm&r=g","caption":"Hansjoerg Schmidt"},"description":"Hansj\u00f6rg Schmidt heads the Foundations department at Z\u00fcrcher Kantonalbank. Together with his team, he supports and advises charitable organizations in all aspects of financial management as a banking partner. The specialist team offers comprehensive conceptual solutions, including relevant strategy and governance aspects, especially in the field of asset management, but also for financing and all other banking services.","sameAs":["https:\/\/x.com\/moritz.brunner@spheriq.ch"],"url":"https:\/\/spheriq.ch\/blog\/author\/hansjoerg-schmidt\/"}]}},"_links":{"self":[{"href":"https:\/\/spheriq.ch\/blog\/wp-json\/wp\/v2\/posts\/6490","targetHints":{"allow":["GET"]}}],"collection":[{"href":"https:\/\/spheriq.ch\/blog\/wp-json\/wp\/v2\/posts"}],"about":[{"href":"https:\/\/spheriq.ch\/blog\/wp-json\/wp\/v2\/types\/post"}],"author":[{"embeddable":true,"href":"https:\/\/spheriq.ch\/blog\/wp-json\/wp\/v2\/users\/11"}],"replies":[{"embeddable":true,"href":"https:\/\/spheriq.ch\/blog\/wp-json\/wp\/v2\/comments?post=6490"}],"version-history":[{"count":1,"href":"https:\/\/spheriq.ch\/blog\/wp-json\/wp\/v2\/posts\/6490\/revisions"}],"predecessor-version":[{"id":7522,"href":"https:\/\/spheriq.ch\/blog\/wp-json\/wp\/v2\/posts\/6490\/revisions\/7522"}],"wp:featuredmedia":[{"embeddable":true,"href":"https:\/\/spheriq.ch\/blog\/wp-json\/wp\/v2\/media\/6495"}],"wp:attachment":[{"href":"https:\/\/spheriq.ch\/blog\/wp-json\/wp\/v2\/media?parent=6490"}],"wp:term":[{"taxonomy":"category","embeddable":true,"href":"https:\/\/spheriq.ch\/blog\/wp-json\/wp\/v2\/categories?post=6490"},{"taxonomy":"post_tag","embeddable":true,"href":"https:\/\/spheriq.ch\/blog\/wp-json\/wp\/v2\/tags?post=6490"},{"taxonomy":"post_label","embeddable":true,"href":"https:\/\/spheriq.ch\/blog\/wp-json\/wp\/v2\/post_label?post=6490"}],"curies":[{"name":"wp","href":"https:\/\/api.w.org\/{rel}","templated":true}]}}