{"id":5255,"date":"2019-10-02T04:00:30","date_gmt":"2019-10-02T02:00:30","guid":{"rendered":"http:\/\/wp-phi-18-2.home.fhlb.ch\/?p=4786"},"modified":"2021-09-23T14:01:18","modified_gmt":"2021-09-23T12:01:18","slug":"unterwegs-mit-stiftungschweiz-in-die-zukunft-der-philanthropie","status":"publish","type":"post","link":"https:\/\/spheriq.ch\/blog\/unterwegs-mit-stiftungschweiz-in-die-zukunft-der-philanthropie\/","title":{"rendered":"Von der Stiftungsplattform zum Portal f\u00fcr die Schweizer Philanthropie"},"content":{"rendered":"<h3>\u00abUnterwegs in die Zukunft der Philanthropie\u00bb<\/h3>\n<p>Am 26. September 2019 lud StiftungSchweiz ins Cabaret Voltaire und \u00fcber 110 interessierte G\u00e4ste folgten der Einladung.&nbsp;&nbsp;Wo vor f\u00fcnf Jahren die Lancierung der ersten Stiftungsplattform gefeiert wurde, startete an diesem Abend der <strong>Countdown zur Lancierung des neuen Portals f\u00fcr die Schweizer Philanthropie.<\/strong> Mit dieser Weiterentwicklung werden neben Stiftungen und Projekttr\u00e4gern k\u00fcnftig auch Privatspender und weitere Anspruchsgruppen, wie Firmen, Grossspender und Dienstleister mit innovativen digitalen L\u00f6sungen bedient. Ausgekl\u00fcgelte Produkte und Dienstleistungen, die in Zusammenarbeit mit starken Partnern mehr Effizienz, mehr Transparenz und mehr Freude in die Philanthropie bringen sollen.<\/p>\n<h3>Der Countdown l\u00e4uft!<\/h3>\n<p>Am 21. Oktober 2019 geht das neue Portal live.<br \/>\n<a href=\"http:\/\/wp-phi-18-2.home.fhlb.ch\/content\/uploads\/2019\/10\/Stiftung-Schweiz_Cabaret-Voltaire-7182-e1569956329641.jpg\"><img loading=\"lazy\" decoding=\"async\" class=\"alignleft wp-image-4790\" src=\"http:\/\/wp-phi-18-2.home.fhlb.ch\/content\/uploads\/2019\/10\/Stiftung-Schweiz_Cabaret-Voltaire-7182-e1569956329641-1024x547.jpg\" alt=\"\" width=\"800\" height=\"427\"><\/a><\/p>\n<h3><\/h3>\n<h3><\/h3>\n<h3><\/h3>\n<h3><\/h3>\n<h3><\/h3>\n<h3><\/h3>\n<h3><\/h3>\n<h3><\/h3>\n<h3><\/h3>\n<h3><\/h3>\n<h3><a href=\"http:\/\/wp-phi-18-2.home.fhlb.ch\/content\/uploads\/2019\/10\/Stiftung-Schweiz_Cabaret-Voltaire-6759.jpg\"><img loading=\"lazy\" decoding=\"async\" class=\"alignnone wp-image-4805\" src=\"http:\/\/wp-phi-18-2.home.fhlb.ch\/content\/uploads\/2019\/10\/Stiftung-Schweiz_Cabaret-Voltaire-6759-1024x683.jpg\" alt=\"\" width=\"800\" height=\"533\" srcset=\"https:\/\/spheriq.ch\/blog\/wp-content\/uploads\/2019\/10\/Stiftung-Schweiz_Cabaret-Voltaire-6759-1024x683.jpg 1024w, https:\/\/spheriq.ch\/blog\/wp-content\/uploads\/2019\/10\/Stiftung-Schweiz_Cabaret-Voltaire-6759-300x200.jpg 300w, https:\/\/spheriq.ch\/blog\/wp-content\/uploads\/2019\/10\/Stiftung-Schweiz_Cabaret-Voltaire-6759-768x512.jpg 768w, https:\/\/spheriq.ch\/blog\/wp-content\/uploads\/2019\/10\/Stiftung-Schweiz_Cabaret-Voltaire-6759-1536x1024.jpg 1536w, https:\/\/spheriq.ch\/blog\/wp-content\/uploads\/2019\/10\/Stiftung-Schweiz_Cabaret-Voltaire-6759-2048x1365.jpg 2048w\" sizes=\"auto, (max-width: 800px) 100vw, 800px\" \/><\/a><\/h3>\n<h3><a href=\"http:\/\/wp-phi-18-2.home.fhlb.ch\/content\/uploads\/2019\/10\/Stiftung-Schweiz_Cabaret-Voltaire-7373.jpg\"><img loading=\"lazy\" decoding=\"async\" class=\"alignnone wp-image-4807\" src=\"http:\/\/wp-phi-18-2.home.fhlb.ch\/content\/uploads\/2019\/10\/Stiftung-Schweiz_Cabaret-Voltaire-7373-1024x683.jpg\" alt=\"\" width=\"800\" height=\"533\" srcset=\"https:\/\/spheriq.ch\/blog\/wp-content\/uploads\/2019\/10\/Stiftung-Schweiz_Cabaret-Voltaire-7373-1024x683.jpg 1024w, https:\/\/spheriq.ch\/blog\/wp-content\/uploads\/2019\/10\/Stiftung-Schweiz_Cabaret-Voltaire-7373-300x200.jpg 300w, https:\/\/spheriq.ch\/blog\/wp-content\/uploads\/2019\/10\/Stiftung-Schweiz_Cabaret-Voltaire-7373-768x512.jpg 768w, https:\/\/spheriq.ch\/blog\/wp-content\/uploads\/2019\/10\/Stiftung-Schweiz_Cabaret-Voltaire-7373-1536x1024.jpg 1536w, https:\/\/spheriq.ch\/blog\/wp-content\/uploads\/2019\/10\/Stiftung-Schweiz_Cabaret-Voltaire-7373-2048x1365.jpg 2048w\" sizes=\"auto, (max-width: 800px) 100vw, 800px\" \/><\/a><\/h3>\n<h3>Ein Vorgeschmack gef\u00e4llig?<\/h3>\n<p>Tauchen Sie ein und lassen Sie sich \u00fcberraschen.&nbsp;Wir freuen uns auf viele interessierte Besucher, die dieses Portal f\u00fcr ihre Organisationen, Projekte und philanthropischen Vorhaben nutzen und dies <strong>bis Ende 2019 sogar kostenlos! <a href=\"https:\/\/spheriq.ch\/newsletter\/\" target=\"_blank\" rel=\"noopener noreferrer\">Jetzt Newsletter abonnieren und auf dem Laufenden bleiben<\/a><\/strong><br \/>\n<iframe loading=\"lazy\" title=\"StiftungSchweiz | Spenden, f&amp;ouml;rdern, freuen.\" src=\"https:\/\/player.vimeo.com\/video\/362727879?dnt=1&amp;app_id=122963\" width=\"900\" height=\"506\" frameborder=\"0\" allow=\"autoplay; fullscreen; picture-in-picture\" allowfullscreen><\/iframe><br \/>\n&nbsp;<br \/>\n&nbsp;<br \/>\n&nbsp;<\/p>\n","protected":false},"excerpt":{"rendered":"\u00abUnterwegs in die Zukunft der Philanthropie\u00bb Am 26. September 2019 lud StiftungSchweiz ins Cabaret Voltaire und \u00fcber 110 interessierte G\u00e4ste folgten der Einladung.&nbsp;&nbsp;Wo vor f\u00fcnf Jahren die Lancierung der ersten Stiftungsplattform gefeiert wurde, startete an diesem Abend der Countdown zur Lancierung des neuen Portals f\u00fcr die Schweizer Philanthropie. Mit dieser Weiterentwicklung werden neben Stiftungen und&#8230;","protected":false},"author":19,"featured_media":4788,"comment_status":"open","ping_status":"open","sticky":false,"template":"","format":"image","meta":{"_acf_changed":false,"footnotes":""},"categories":[1099,1092],"tags":[15,442,120,42,49,443,62,29,20,405],"post_label":[],"class_list":["post-5255","post","type-post","status-publish","format-image","has-post-thumbnail","hentry","category-spheriq","category-tools","tag-fundraising","tag-matching","tag-ngo","tag-npo","tag-philanthropie","tag-portal-der-schweizer-philanthropie","tag-stiftung","tag-stiftungen","tag-stiftungschweiz","tag-stiftungsplattform","post_format-post-format-image"],"acf":[],"yoast_head":"<!-- This site is optimized with the Yoast SEO plugin v28.2 - https:\/\/yoast.com\/product\/yoast-seo-wordpress\/ -->\n<title>Von der Stiftungsplattform zum Portal f\u00fcr die Schweizer Philanthropie - Spheriq-Blog<\/title>\n<meta name=\"description\" content=\"Das neue Portal f\u00fcr die Schweizer Philanthropie geht am 21.10.2019 live. Lassen Sie sich \u00fcberraschen!\" \/>\n<meta name=\"robots\" content=\"index, follow, max-snippet:-1, max-image-preview:large, max-video-preview:-1\" \/>\n<link rel=\"canonical\" href=\"https:\/\/spheriq.ch\/blog\/unterwegs-mit-stiftungschweiz-in-die-zukunft-der-philanthropie\/\" \/>\n<meta property=\"og:locale\" content=\"de_DE\" \/>\n<meta property=\"og:type\" content=\"article\" \/>\n<meta property=\"og:title\" content=\"Von der Stiftungsplattform zum Portal f\u00fcr die Schweizer Philanthropie - Spheriq-Blog\" \/>\n<meta property=\"og:description\" content=\"Das neue Portal f\u00fcr die Schweizer Philanthropie geht am 21.10.2019 live. Lassen Sie sich \u00fcberraschen!\" \/>\n<meta property=\"og:url\" content=\"https:\/\/spheriq.ch\/blog\/unterwegs-mit-stiftungschweiz-in-die-zukunft-der-philanthropie\/\" \/>\n<meta property=\"og:site_name\" content=\"Spheriq-Blog\" \/>\n<meta property=\"article:published_time\" content=\"2019-10-02T02:00:30+00:00\" \/>\n<meta property=\"article:modified_time\" content=\"2021-09-23T12:01:18+00:00\" \/>\n<meta property=\"og:image\" content=\"https:\/\/spheriq.ch\/blog\/wp-content\/uploads\/2019\/09\/StiftungSchweiz-Stiftungen-Neugruendungen-3.-Quartal-2019-e1569855534709.png\" \/>\n\t<meta property=\"og:image:width\" content=\"1200\" \/>\n\t<meta property=\"og:image:height\" content=\"369\" \/>\n\t<meta property=\"og:image:type\" content=\"image\/png\" \/>\n<meta name=\"author\" content=\"Claudia Dutli\" \/>\n<meta name=\"twitter:card\" content=\"summary_large_image\" \/>\n<meta name=\"twitter:creator\" content=\"@claudia.dutli@spheriq.ch\" \/>\n<meta name=\"twitter:label1\" content=\"Verfasst von\" \/>\n\t<meta name=\"twitter:data1\" content=\"Claudia Dutli\" \/>\n\t<meta name=\"twitter:label2\" content=\"Gesch\u00e4tzte Lesezeit\" \/>\n\t<meta name=\"twitter:data2\" content=\"2\u00a0Minuten\" \/>\n<script type=\"application\/ld+json\" class=\"yoast-schema-graph\">{\"@context\":\"https:\\\/\\\/schema.org\",\"@graph\":[{\"@type\":\"Article\",\"@id\":\"https:\\\/\\\/spheriq.ch\\\/blog\\\/unterwegs-mit-stiftungschweiz-in-die-zukunft-der-philanthropie\\\/#article\",\"isPartOf\":{\"@id\":\"https:\\\/\\\/spheriq.ch\\\/blog\\\/unterwegs-mit-stiftungschweiz-in-die-zukunft-der-philanthropie\\\/\"},\"author\":{\"name\":\"Claudia Dutli\",\"@id\":\"https:\\\/\\\/spheriq.ch\\\/blog\\\/#\\\/schema\\\/person\\\/e58604774540a61a370260d3d33f260b\"},\"headline\":\"Von der Stiftungsplattform zum Portal f\u00fcr die Schweizer Philanthropie\",\"datePublished\":\"2019-10-02T02:00:30+00:00\",\"dateModified\":\"2021-09-23T12:01:18+00:00\",\"mainEntityOfPage\":{\"@id\":\"https:\\\/\\\/spheriq.ch\\\/blog\\\/unterwegs-mit-stiftungschweiz-in-die-zukunft-der-philanthropie\\\/\"},\"wordCount\":174,\"commentCount\":0,\"image\":{\"@id\":\"https:\\\/\\\/spheriq.ch\\\/blog\\\/unterwegs-mit-stiftungschweiz-in-die-zukunft-der-philanthropie\\\/#primaryimage\"},\"thumbnailUrl\":\"https:\\\/\\\/spheriq.ch\\\/blog\\\/wp-content\\\/uploads\\\/2019\\\/09\\\/StiftungSchweiz-Stiftungen-Neugruendungen-3.-Quartal-2019-e1569855534709.png\",\"keywords\":[\"Fundraising\",\"Matching\",\"NGO\",\"NPO\",\"Philanthropie\",\"Portal der Schweizer Philanthropie\",\"Stiftung\",\"Stiftungen\",\"Stiftungschweiz\",\"Stiftungsplattform\"],\"articleSection\":[\"Spheriq\",\"Tools\"],\"inLanguage\":\"de\",\"potentialAction\":[{\"@type\":\"CommentAction\",\"name\":\"Comment\",\"target\":[\"https:\\\/\\\/spheriq.ch\\\/blog\\\/unterwegs-mit-stiftungschweiz-in-die-zukunft-der-philanthropie\\\/#respond\"]}]},{\"@type\":\"WebPage\",\"@id\":\"https:\\\/\\\/spheriq.ch\\\/blog\\\/unterwegs-mit-stiftungschweiz-in-die-zukunft-der-philanthropie\\\/\",\"url\":\"https:\\\/\\\/spheriq.ch\\\/blog\\\/unterwegs-mit-stiftungschweiz-in-die-zukunft-der-philanthropie\\\/\",\"name\":\"Von der Stiftungsplattform zum Portal f\u00fcr die Schweizer Philanthropie - Spheriq-Blog\",\"isPartOf\":{\"@id\":\"https:\\\/\\\/spheriq.ch\\\/blog\\\/#website\"},\"primaryImageOfPage\":{\"@id\":\"https:\\\/\\\/spheriq.ch\\\/blog\\\/unterwegs-mit-stiftungschweiz-in-die-zukunft-der-philanthropie\\\/#primaryimage\"},\"image\":{\"@id\":\"https:\\\/\\\/spheriq.ch\\\/blog\\\/unterwegs-mit-stiftungschweiz-in-die-zukunft-der-philanthropie\\\/#primaryimage\"},\"thumbnailUrl\":\"https:\\\/\\\/spheriq.ch\\\/blog\\\/wp-content\\\/uploads\\\/2019\\\/09\\\/StiftungSchweiz-Stiftungen-Neugruendungen-3.-Quartal-2019-e1569855534709.png\",\"datePublished\":\"2019-10-02T02:00:30+00:00\",\"dateModified\":\"2021-09-23T12:01:18+00:00\",\"author\":{\"@id\":\"https:\\\/\\\/spheriq.ch\\\/blog\\\/#\\\/schema\\\/person\\\/e58604774540a61a370260d3d33f260b\"},\"description\":\"Das neue Portal f\u00fcr die Schweizer Philanthropie geht am 21.10.2019 live. Lassen Sie sich \u00fcberraschen!\",\"breadcrumb\":{\"@id\":\"https:\\\/\\\/spheriq.ch\\\/blog\\\/unterwegs-mit-stiftungschweiz-in-die-zukunft-der-philanthropie\\\/#breadcrumb\"},\"inLanguage\":\"de\",\"potentialAction\":[{\"@type\":\"ReadAction\",\"target\":[\"https:\\\/\\\/spheriq.ch\\\/blog\\\/unterwegs-mit-stiftungschweiz-in-die-zukunft-der-philanthropie\\\/\"]}]},{\"@type\":\"ImageObject\",\"inLanguage\":\"de\",\"@id\":\"https:\\\/\\\/spheriq.ch\\\/blog\\\/unterwegs-mit-stiftungschweiz-in-die-zukunft-der-philanthropie\\\/#primaryimage\",\"url\":\"https:\\\/\\\/spheriq.ch\\\/blog\\\/wp-content\\\/uploads\\\/2019\\\/09\\\/StiftungSchweiz-Stiftungen-Neugruendungen-3.-Quartal-2019-e1569855534709.png\",\"contentUrl\":\"https:\\\/\\\/spheriq.ch\\\/blog\\\/wp-content\\\/uploads\\\/2019\\\/09\\\/StiftungSchweiz-Stiftungen-Neugruendungen-3.-Quartal-2019-e1569855534709.png\",\"width\":1200,\"height\":369},{\"@type\":\"BreadcrumbList\",\"@id\":\"https:\\\/\\\/spheriq.ch\\\/blog\\\/unterwegs-mit-stiftungschweiz-in-die-zukunft-der-philanthropie\\\/#breadcrumb\",\"itemListElement\":[{\"@type\":\"ListItem\",\"position\":1,\"name\":\"Home\",\"item\":\"https:\\\/\\\/spheriq.ch\\\/blog\\\/\"},{\"@type\":\"ListItem\",\"position\":2,\"name\":\"Von der Stiftungsplattform zum Portal f\u00fcr die Schweizer Philanthropie\"}]},{\"@type\":\"WebSite\",\"@id\":\"https:\\\/\\\/spheriq.ch\\\/blog\\\/#website\",\"url\":\"https:\\\/\\\/spheriq.ch\\\/blog\\\/\",\"name\":\"Spheriq-Blog\",\"description\":\"Der Blog f\u00fcr Fundraiser, Stiftungsverwalter, Stiftungsr\u00e4te und alle, die sich f\u00fcr Fragen und Themen rund um den gemeinn\u00fctzigen Sektor interessieren.\",\"potentialAction\":[{\"@type\":\"SearchAction\",\"target\":{\"@type\":\"EntryPoint\",\"urlTemplate\":\"https:\\\/\\\/spheriq.ch\\\/blog\\\/?s={search_term_string}\"},\"query-input\":{\"@type\":\"PropertyValueSpecification\",\"valueRequired\":true,\"valueName\":\"search_term_string\"}}],\"inLanguage\":\"de\"},{\"@type\":\"Person\",\"@id\":\"https:\\\/\\\/spheriq.ch\\\/blog\\\/#\\\/schema\\\/person\\\/e58604774540a61a370260d3d33f260b\",\"name\":\"Claudia Dutli\",\"image\":{\"@type\":\"ImageObject\",\"inLanguage\":\"de\",\"@id\":\"https:\\\/\\\/secure.gravatar.com\\\/avatar\\\/e8fd4528709e52dfe3861a34f038f1624598b156c6726e293c17ef521daa376a?s=96&d=mm&r=g\",\"url\":\"https:\\\/\\\/secure.gravatar.com\\\/avatar\\\/e8fd4528709e52dfe3861a34f038f1624598b156c6726e293c17ef521daa376a?s=96&d=mm&r=g\",\"contentUrl\":\"https:\\\/\\\/secure.gravatar.com\\\/avatar\\\/e8fd4528709e52dfe3861a34f038f1624598b156c6726e293c17ef521daa376a?s=96&d=mm&r=g\",\"caption\":\"Claudia Dutli\"},\"description\":\"Claudia Dutli combines communication expertise with a deep understanding of the non-profit sector. She brings extensive experience in leading communications roles in technology start-ups and the financial sector. Today, she heads communications and media at Spheriq and serves as the publisher of the magazine The Philanthropist. She completed her education at the Passugg Hotel School (EHL Group) and furthered her education with a PR consultant certification and an intensive course in foundation management at the Center for Philanthropy Studies (CEPS) in Basel.\",\"sameAs\":[\"https:\\\/\\\/x.com\\\/claudia.dutli@spheriq.ch\"],\"url\":\"https:\\\/\\\/spheriq.ch\\\/blog\\\/author\\\/claudia-dutli\\\/\"}]}<\/script>\n<!-- \/ Yoast SEO plugin. -->","yoast_head_json":{"title":"Von der Stiftungsplattform zum Portal f\u00fcr die Schweizer Philanthropie - Spheriq-Blog","description":"Das neue Portal f\u00fcr die Schweizer Philanthropie geht am 21.10.2019 live. Lassen Sie sich \u00fcberraschen!","robots":{"index":"index","follow":"follow","max-snippet":"max-snippet:-1","max-image-preview":"max-image-preview:large","max-video-preview":"max-video-preview:-1"},"canonical":"https:\/\/spheriq.ch\/blog\/unterwegs-mit-stiftungschweiz-in-die-zukunft-der-philanthropie\/","og_locale":"de_DE","og_type":"article","og_title":"Von der Stiftungsplattform zum Portal f\u00fcr die Schweizer Philanthropie - Spheriq-Blog","og_description":"Das neue Portal f\u00fcr die Schweizer Philanthropie geht am 21.10.2019 live. Lassen Sie sich \u00fcberraschen!","og_url":"https:\/\/spheriq.ch\/blog\/unterwegs-mit-stiftungschweiz-in-die-zukunft-der-philanthropie\/","og_site_name":"Spheriq-Blog","article_published_time":"2019-10-02T02:00:30+00:00","article_modified_time":"2021-09-23T12:01:18+00:00","og_image":[{"width":1200,"height":369,"url":"https:\/\/spheriq.ch\/blog\/wp-content\/uploads\/2019\/09\/StiftungSchweiz-Stiftungen-Neugruendungen-3.-Quartal-2019-e1569855534709.png","type":"image\/png"}],"author":"Claudia Dutli","twitter_card":"summary_large_image","twitter_creator":"@claudia.dutli@spheriq.ch","twitter_misc":{"Verfasst von":"Claudia Dutli","Gesch\u00e4tzte Lesezeit":"2\u00a0Minuten"},"schema":{"@context":"https:\/\/schema.org","@graph":[{"@type":"Article","@id":"https:\/\/spheriq.ch\/blog\/unterwegs-mit-stiftungschweiz-in-die-zukunft-der-philanthropie\/#article","isPartOf":{"@id":"https:\/\/spheriq.ch\/blog\/unterwegs-mit-stiftungschweiz-in-die-zukunft-der-philanthropie\/"},"author":{"name":"Claudia Dutli","@id":"https:\/\/spheriq.ch\/blog\/#\/schema\/person\/e58604774540a61a370260d3d33f260b"},"headline":"Von der Stiftungsplattform zum Portal f\u00fcr die Schweizer Philanthropie","datePublished":"2019-10-02T02:00:30+00:00","dateModified":"2021-09-23T12:01:18+00:00","mainEntityOfPage":{"@id":"https:\/\/spheriq.ch\/blog\/unterwegs-mit-stiftungschweiz-in-die-zukunft-der-philanthropie\/"},"wordCount":174,"commentCount":0,"image":{"@id":"https:\/\/spheriq.ch\/blog\/unterwegs-mit-stiftungschweiz-in-die-zukunft-der-philanthropie\/#primaryimage"},"thumbnailUrl":"https:\/\/spheriq.ch\/blog\/wp-content\/uploads\/2019\/09\/StiftungSchweiz-Stiftungen-Neugruendungen-3.-Quartal-2019-e1569855534709.png","keywords":["Fundraising","Matching","NGO","NPO","Philanthropie","Portal der Schweizer Philanthropie","Stiftung","Stiftungen","Stiftungschweiz","Stiftungsplattform"],"articleSection":["Spheriq","Tools"],"inLanguage":"de","potentialAction":[{"@type":"CommentAction","name":"Comment","target":["https:\/\/spheriq.ch\/blog\/unterwegs-mit-stiftungschweiz-in-die-zukunft-der-philanthropie\/#respond"]}]},{"@type":"WebPage","@id":"https:\/\/spheriq.ch\/blog\/unterwegs-mit-stiftungschweiz-in-die-zukunft-der-philanthropie\/","url":"https:\/\/spheriq.ch\/blog\/unterwegs-mit-stiftungschweiz-in-die-zukunft-der-philanthropie\/","name":"Von der Stiftungsplattform zum Portal f\u00fcr die Schweizer Philanthropie - Spheriq-Blog","isPartOf":{"@id":"https:\/\/spheriq.ch\/blog\/#website"},"primaryImageOfPage":{"@id":"https:\/\/spheriq.ch\/blog\/unterwegs-mit-stiftungschweiz-in-die-zukunft-der-philanthropie\/#primaryimage"},"image":{"@id":"https:\/\/spheriq.ch\/blog\/unterwegs-mit-stiftungschweiz-in-die-zukunft-der-philanthropie\/#primaryimage"},"thumbnailUrl":"https:\/\/spheriq.ch\/blog\/wp-content\/uploads\/2019\/09\/StiftungSchweiz-Stiftungen-Neugruendungen-3.-Quartal-2019-e1569855534709.png","datePublished":"2019-10-02T02:00:30+00:00","dateModified":"2021-09-23T12:01:18+00:00","author":{"@id":"https:\/\/spheriq.ch\/blog\/#\/schema\/person\/e58604774540a61a370260d3d33f260b"},"description":"Das neue Portal f\u00fcr die Schweizer Philanthropie geht am 21.10.2019 live. Lassen Sie sich \u00fcberraschen!","breadcrumb":{"@id":"https:\/\/spheriq.ch\/blog\/unterwegs-mit-stiftungschweiz-in-die-zukunft-der-philanthropie\/#breadcrumb"},"inLanguage":"de","potentialAction":[{"@type":"ReadAction","target":["https:\/\/spheriq.ch\/blog\/unterwegs-mit-stiftungschweiz-in-die-zukunft-der-philanthropie\/"]}]},{"@type":"ImageObject","inLanguage":"de","@id":"https:\/\/spheriq.ch\/blog\/unterwegs-mit-stiftungschweiz-in-die-zukunft-der-philanthropie\/#primaryimage","url":"https:\/\/spheriq.ch\/blog\/wp-content\/uploads\/2019\/09\/StiftungSchweiz-Stiftungen-Neugruendungen-3.-Quartal-2019-e1569855534709.png","contentUrl":"https:\/\/spheriq.ch\/blog\/wp-content\/uploads\/2019\/09\/StiftungSchweiz-Stiftungen-Neugruendungen-3.-Quartal-2019-e1569855534709.png","width":1200,"height":369},{"@type":"BreadcrumbList","@id":"https:\/\/spheriq.ch\/blog\/unterwegs-mit-stiftungschweiz-in-die-zukunft-der-philanthropie\/#breadcrumb","itemListElement":[{"@type":"ListItem","position":1,"name":"Home","item":"https:\/\/spheriq.ch\/blog\/"},{"@type":"ListItem","position":2,"name":"Von der Stiftungsplattform zum Portal f\u00fcr die Schweizer Philanthropie"}]},{"@type":"WebSite","@id":"https:\/\/spheriq.ch\/blog\/#website","url":"https:\/\/spheriq.ch\/blog\/","name":"Spheriq-Blog","description":"Der Blog f\u00fcr Fundraiser, Stiftungsverwalter, Stiftungsr\u00e4te und alle, die sich f\u00fcr Fragen und Themen rund um den gemeinn\u00fctzigen Sektor interessieren.","potentialAction":[{"@type":"SearchAction","target":{"@type":"EntryPoint","urlTemplate":"https:\/\/spheriq.ch\/blog\/?s={search_term_string}"},"query-input":{"@type":"PropertyValueSpecification","valueRequired":true,"valueName":"search_term_string"}}],"inLanguage":"de"},{"@type":"Person","@id":"https:\/\/spheriq.ch\/blog\/#\/schema\/person\/e58604774540a61a370260d3d33f260b","name":"Claudia Dutli","image":{"@type":"ImageObject","inLanguage":"de","@id":"https:\/\/secure.gravatar.com\/avatar\/e8fd4528709e52dfe3861a34f038f1624598b156c6726e293c17ef521daa376a?s=96&d=mm&r=g","url":"https:\/\/secure.gravatar.com\/avatar\/e8fd4528709e52dfe3861a34f038f1624598b156c6726e293c17ef521daa376a?s=96&d=mm&r=g","contentUrl":"https:\/\/secure.gravatar.com\/avatar\/e8fd4528709e52dfe3861a34f038f1624598b156c6726e293c17ef521daa376a?s=96&d=mm&r=g","caption":"Claudia Dutli"},"description":"Claudia Dutli combines communication expertise with a deep understanding of the non-profit sector. She brings extensive experience in leading communications roles in technology start-ups and the financial sector. Today, she heads communications and media at Spheriq and serves as the publisher of the magazine The Philanthropist. She completed her education at the Passugg Hotel School (EHL Group) and furthered her education with a PR consultant certification and an intensive course in foundation management at the Center for Philanthropy Studies (CEPS) in Basel.","sameAs":["https:\/\/x.com\/claudia.dutli@spheriq.ch"],"url":"https:\/\/spheriq.ch\/blog\/author\/claudia-dutli\/"}]}},"_links":{"self":[{"href":"https:\/\/spheriq.ch\/blog\/wp-json\/wp\/v2\/posts\/5255","targetHints":{"allow":["GET"]}}],"collection":[{"href":"https:\/\/spheriq.ch\/blog\/wp-json\/wp\/v2\/posts"}],"about":[{"href":"https:\/\/spheriq.ch\/blog\/wp-json\/wp\/v2\/types\/post"}],"author":[{"embeddable":true,"href":"https:\/\/spheriq.ch\/blog\/wp-json\/wp\/v2\/users\/19"}],"replies":[{"embeddable":true,"href":"https:\/\/spheriq.ch\/blog\/wp-json\/wp\/v2\/comments?post=5255"}],"version-history":[{"count":1,"href":"https:\/\/spheriq.ch\/blog\/wp-json\/wp\/v2\/posts\/5255\/revisions"}],"predecessor-version":[{"id":7731,"href":"https:\/\/spheriq.ch\/blog\/wp-json\/wp\/v2\/posts\/5255\/revisions\/7731"}],"wp:featuredmedia":[{"embeddable":true,"href":"https:\/\/spheriq.ch\/blog\/wp-json\/wp\/v2\/media\/4788"}],"wp:attachment":[{"href":"https:\/\/spheriq.ch\/blog\/wp-json\/wp\/v2\/media?parent=5255"}],"wp:term":[{"taxonomy":"category","embeddable":true,"href":"https:\/\/spheriq.ch\/blog\/wp-json\/wp\/v2\/categories?post=5255"},{"taxonomy":"post_tag","embeddable":true,"href":"https:\/\/spheriq.ch\/blog\/wp-json\/wp\/v2\/tags?post=5255"},{"taxonomy":"post_label","embeddable":true,"href":"https:\/\/spheriq.ch\/blog\/wp-json\/wp\/v2\/post_label?post=5255"}],"curies":[{"name":"wp","href":"https:\/\/api.w.org\/{rel}","templated":true}]}}