{"id":5254,"date":"2019-10-01T04:00:04","date_gmt":"2019-10-01T04:00:04","guid":{"rendered":"http:\/\/wp-phi-18-2.home.fhlb.ch\/?p=4777"},"modified":"2021-09-23T14:01:18","modified_gmt":"2021-09-23T12:01:18","slug":"die-stiftungslandschaft-waechst-und-waechst","status":"publish","type":"post","link":"https:\/\/spheriq.ch\/blog\/die-stiftungslandschaft-waechst-und-waechst\/","title":{"rendered":"Die Stiftungslandschaft w\u00e4chst und w\u00e4chst"},"content":{"rendered":"<p>Der Stiftungssektor Schweiz ist und bleibt attraktiv. Dies zeigen die aktuellen Zahlen der Neugr\u00fcndungen im 3. Quartal 2019.&nbsp;Wobei auch in diesem Quartal die F\u00f6rderstiftungen mit 46 knapp gefolgt von den operativen Stiftungen vorne liegen.<br \/>\nBei den Wirkungsbereichen fokussieren die neugegr\u00fcndeten Stiftungen weiterhin auf \u00abKunst, Kultur Freizeit\u00bb&nbsp;(40), \u00abBildung\u00bb 39 und \u00abSoziales\u00bb (33 Neugr\u00fcndungen).<br \/>\n<a href=\"http:\/\/wp-phi-18-2.home.fhlb.ch\/content\/uploads\/2019\/09\/StiftungSchweiz-Stiftungen-Neugr\u00fcndungen-3.-Quartal-2019.png\"><img loading=\"lazy\" decoding=\"async\" class=\"alignleft wp-image-4778 size-large\" src=\"http:\/\/wp-phi-18-2.home.fhlb.ch\/content\/uploads\/2019\/09\/StiftungSchweiz-Stiftungen-Neugr\u00fcndungen-3.-Quartal-2019-1024x662.png\" alt=\"\" width=\"1024\" height=\"662\"><\/a><br \/>\n<a href=\"http:\/\/wp-phi-18-2.home.fhlb.ch\/content\/uploads\/2019\/10\/Neugr\u00fcndungen-Q32019-detailliert.pdf\" target=\"_blank\" rel=\"noopener noreferrer\">Zur detaillierten \u00dcbersicht der Neugr\u00fcndungen<\/a><\/p>\n","protected":false},"excerpt":{"rendered":"Der Stiftungssektor Schweiz ist und bleibt attraktiv. Dies zeigen die aktuellen Zahlen der Neugr\u00fcndungen im 3. Quartal 2019.&nbsp;Wobei auch in diesem Quartal die F\u00f6rderstiftungen mit 46 knapp gefolgt von den operativen Stiftungen vorne liegen. Bei den Wirkungsbereichen fokussieren die neugegr\u00fcndeten Stiftungen weiterhin auf \u00abKunst, Kultur Freizeit\u00bb&nbsp;(40), \u00abBildung\u00bb 39 und \u00abSoziales\u00bb (33 Neugr\u00fcndungen). Zur detaillierten \u00dcbersicht&#8230;","protected":false},"author":19,"featured_media":5262,"comment_status":"open","ping_status":"open","sticky":false,"template":"","format":"image","meta":{"_acf_changed":false,"footnotes":""},"categories":[523,526],"tags":[440,103,270,29,56,441],"class_list":["post-5254","post","type-post","status-publish","format-image","has-post-thumbnail","hentry","category-sektor","category-research","tag-dritter-sektor","tag-neugruendungen","tag-philanthropiesektor","tag-stiftungen","tag-stiftungslandschaft","tag-wirkungsbereiche","post_format-post-format-image"],"acf":[],"yoast_head":"<!-- This site is optimized with the Yoast SEO plugin v27.0 - https:\/\/yoast.com\/product\/yoast-seo-wordpress\/ -->\n<title>Die Stiftungslandschaft w\u00e4chst und w\u00e4chst - Spheriq-Blog<\/title>\n<meta name=\"description\" content=\"Der Stiftungssektor Schweiz ist und bleibt attraktiv. Dies zeigen die aktuellen Zahlen der Neugr\u00fcndungen im 3. Quartal 2019.Wobei auch in diesem Quartal die F\u00f6rderstiftungen mit 46 knapp gefolgt von den operativen Stiftungen vorne liegen.\" \/>\n<meta name=\"robots\" content=\"index, follow, max-snippet:-1, max-image-preview:large, max-video-preview:-1\" \/>\n<link rel=\"canonical\" href=\"https:\/\/spheriq.ch\/blog\/die-stiftungslandschaft-waechst-und-waechst\/\" \/>\n<meta property=\"og:locale\" content=\"de_DE\" \/>\n<meta property=\"og:type\" content=\"article\" \/>\n<meta property=\"og:title\" content=\"Die Stiftungslandschaft w\u00e4chst und w\u00e4chst - Spheriq-Blog\" \/>\n<meta property=\"og:description\" content=\"Der Stiftungssektor Schweiz ist und bleibt attraktiv. Dies zeigen die aktuellen Zahlen der Neugr\u00fcndungen im 3. Quartal 2019.Wobei auch in diesem Quartal die F\u00f6rderstiftungen mit 46 knapp gefolgt von den operativen Stiftungen vorne liegen.\" \/>\n<meta property=\"og:url\" content=\"https:\/\/spheriq.ch\/blog\/die-stiftungslandschaft-waechst-und-waechst\/\" \/>\n<meta property=\"og:site_name\" content=\"Spheriq-Blog\" \/>\n<meta property=\"article:published_time\" content=\"2019-10-01T04:00:04+00:00\" \/>\n<meta property=\"article:modified_time\" content=\"2021-09-23T12:01:18+00:00\" \/>\n<meta property=\"og:image\" content=\"https:\/\/spheriq.ch\/blog\/wp-content\/uploads\/2019\/10\/photo-1466692476868-aef1dfb1e735-e1569855849875-2.jpeg\" \/>\n\t<meta property=\"og:image:width\" content=\"1339\" \/>\n\t<meta property=\"og:image:height\" content=\"516\" \/>\n\t<meta property=\"og:image:type\" content=\"image\/jpeg\" \/>\n<meta name=\"author\" content=\"Claudia Dutli\" \/>\n<meta name=\"twitter:card\" content=\"summary_large_image\" \/>\n<meta name=\"twitter:creator\" content=\"@claudia.dutli@spheriq.ch\" \/>\n<meta name=\"twitter:label1\" content=\"Verfasst von\" \/>\n\t<meta name=\"twitter:data1\" content=\"Claudia Dutli\" \/>\n\t<meta name=\"twitter:label2\" content=\"Gesch\u00e4tzte Lesezeit\" \/>\n\t<meta name=\"twitter:data2\" content=\"1\u00a0Minute\" \/>\n<script type=\"application\/ld+json\" class=\"yoast-schema-graph\">{\"@context\":\"https:\/\/schema.org\",\"@graph\":[{\"@type\":\"Article\",\"@id\":\"https:\/\/spheriq.ch\/blog\/die-stiftungslandschaft-waechst-und-waechst\/#article\",\"isPartOf\":{\"@id\":\"https:\/\/spheriq.ch\/blog\/die-stiftungslandschaft-waechst-und-waechst\/\"},\"author\":{\"name\":\"Claudia Dutli\",\"@id\":\"https:\/\/spheriq.ch\/blog\/#\/schema\/person\/e58604774540a61a370260d3d33f260b\"},\"headline\":\"Die Stiftungslandschaft w\u00e4chst und w\u00e4chst\",\"datePublished\":\"2019-10-01T04:00:04+00:00\",\"dateModified\":\"2021-09-23T12:01:18+00:00\",\"mainEntityOfPage\":{\"@id\":\"https:\/\/spheriq.ch\/blog\/die-stiftungslandschaft-waechst-und-waechst\/\"},\"wordCount\":67,\"commentCount\":2,\"image\":{\"@id\":\"https:\/\/spheriq.ch\/blog\/die-stiftungslandschaft-waechst-und-waechst\/#primaryimage\"},\"thumbnailUrl\":\"https:\/\/spheriq.ch\/blog\/wp-content\/uploads\/2019\/10\/photo-1466692476868-aef1dfb1e735-e1569855849875-2.jpeg\",\"keywords\":[\"Dritter Sektor\",\"Neugr\u00fcndungen\",\"Philanthropiesektor\",\"Stiftungen\",\"Stiftungslandschaft\",\"Wirkungsbereiche\"],\"articleSection\":[\"Aus dem Sektor\",\"Research\"],\"inLanguage\":\"de\",\"potentialAction\":[{\"@type\":\"CommentAction\",\"name\":\"Comment\",\"target\":[\"https:\/\/spheriq.ch\/blog\/die-stiftungslandschaft-waechst-und-waechst\/#respond\"]}]},{\"@type\":\"WebPage\",\"@id\":\"https:\/\/spheriq.ch\/blog\/die-stiftungslandschaft-waechst-und-waechst\/\",\"url\":\"https:\/\/spheriq.ch\/blog\/die-stiftungslandschaft-waechst-und-waechst\/\",\"name\":\"Die Stiftungslandschaft w\u00e4chst und w\u00e4chst - Spheriq-Blog\",\"isPartOf\":{\"@id\":\"https:\/\/spheriq.ch\/blog\/#website\"},\"primaryImageOfPage\":{\"@id\":\"https:\/\/spheriq.ch\/blog\/die-stiftungslandschaft-waechst-und-waechst\/#primaryimage\"},\"image\":{\"@id\":\"https:\/\/spheriq.ch\/blog\/die-stiftungslandschaft-waechst-und-waechst\/#primaryimage\"},\"thumbnailUrl\":\"https:\/\/spheriq.ch\/blog\/wp-content\/uploads\/2019\/10\/photo-1466692476868-aef1dfb1e735-e1569855849875-2.jpeg\",\"datePublished\":\"2019-10-01T04:00:04+00:00\",\"dateModified\":\"2021-09-23T12:01:18+00:00\",\"author\":{\"@id\":\"https:\/\/spheriq.ch\/blog\/#\/schema\/person\/e58604774540a61a370260d3d33f260b\"},\"description\":\"Der Stiftungssektor Schweiz ist und bleibt attraktiv. Dies zeigen die aktuellen Zahlen der Neugr\u00fcndungen im 3. Quartal 2019.Wobei auch in diesem Quartal die F\u00f6rderstiftungen mit 46 knapp gefolgt von den operativen Stiftungen vorne liegen.\",\"breadcrumb\":{\"@id\":\"https:\/\/spheriq.ch\/blog\/die-stiftungslandschaft-waechst-und-waechst\/#breadcrumb\"},\"inLanguage\":\"de\",\"potentialAction\":[{\"@type\":\"ReadAction\",\"target\":[\"https:\/\/spheriq.ch\/blog\/die-stiftungslandschaft-waechst-und-waechst\/\"]}]},{\"@type\":\"ImageObject\",\"inLanguage\":\"de\",\"@id\":\"https:\/\/spheriq.ch\/blog\/die-stiftungslandschaft-waechst-und-waechst\/#primaryimage\",\"url\":\"https:\/\/spheriq.ch\/blog\/wp-content\/uploads\/2019\/10\/photo-1466692476868-aef1dfb1e735-e1569855849875-2.jpeg\",\"contentUrl\":\"https:\/\/spheriq.ch\/blog\/wp-content\/uploads\/2019\/10\/photo-1466692476868-aef1dfb1e735-e1569855849875-2.jpeg\",\"width\":1339,\"height\":516},{\"@type\":\"BreadcrumbList\",\"@id\":\"https:\/\/spheriq.ch\/blog\/die-stiftungslandschaft-waechst-und-waechst\/#breadcrumb\",\"itemListElement\":[{\"@type\":\"ListItem\",\"position\":1,\"name\":\"Home\",\"item\":\"https:\/\/spheriq.ch\/blog\/\"},{\"@type\":\"ListItem\",\"position\":2,\"name\":\"Die Stiftungslandschaft w\u00e4chst und w\u00e4chst\"}]},{\"@type\":\"WebSite\",\"@id\":\"https:\/\/spheriq.ch\/blog\/#website\",\"url\":\"https:\/\/spheriq.ch\/blog\/\",\"name\":\"Spheriq-Blog\",\"description\":\"Der Blog f\u00fcr Fundraiser, Stiftungsverwalter, Stiftungsr\u00e4te und alle, die sich f\u00fcr Fragen und Themen rund um den gemeinn\u00fctzigen Sektor interessieren.\",\"potentialAction\":[{\"@type\":\"SearchAction\",\"target\":{\"@type\":\"EntryPoint\",\"urlTemplate\":\"https:\/\/spheriq.ch\/blog\/?s={search_term_string}\"},\"query-input\":{\"@type\":\"PropertyValueSpecification\",\"valueRequired\":true,\"valueName\":\"search_term_string\"}}],\"inLanguage\":\"de\"},{\"@type\":\"Person\",\"@id\":\"https:\/\/spheriq.ch\/blog\/#\/schema\/person\/e58604774540a61a370260d3d33f260b\",\"name\":\"Claudia Dutli\",\"image\":{\"@type\":\"ImageObject\",\"inLanguage\":\"de\",\"@id\":\"https:\/\/spheriq.ch\/blog\/#\/schema\/person\/image\/\",\"url\":\"https:\/\/secure.gravatar.com\/avatar\/e8fd4528709e52dfe3861a34f038f1624598b156c6726e293c17ef521daa376a?s=96&d=mm&r=g\",\"contentUrl\":\"https:\/\/secure.gravatar.com\/avatar\/e8fd4528709e52dfe3861a34f038f1624598b156c6726e293c17ef521daa376a?s=96&d=mm&r=g\",\"caption\":\"Claudia Dutli\"},\"description\":\"Claudia Dutli studierte an der EHL, Hotelfachschule Passugg GR und diplomierte 1998. Neben ihrer langj\u00e4hrigen T\u00e4tigkeit als Kommunikations- verantwortliche am Gesch\u00e4ftssitz Z\u00fcrich einer Genfer Privatbank absolvierte sie die Fortbildung zur Public Relations Beraterin. Nach Stationen als selbst\u00e4ndige Kommunikationsberaterin f\u00fcr Startups und KMU zeichnete sie sich f\u00fcr die Konzeption und Umsetzung von The Philanthropist verantwortlich, welches sie als Verlagsleiterin f\u00fchrt. 2019 erg\u00e4nzte sie ihr Fachwissen durch die Absolvierung des Intensiv-Lehrgang Stiftungsmanagement am Center for Philanthropy Studies (CEPS), Basel.\",\"sameAs\":[\"https:\/\/x.com\/claudia.dutli@spheriq.ch\"],\"url\":\"https:\/\/spheriq.ch\/blog\/author\/claudia-dutli\/\"}]}<\/script>\n<!-- \/ Yoast SEO plugin. -->","yoast_head_json":{"title":"Die Stiftungslandschaft w\u00e4chst und w\u00e4chst - Spheriq-Blog","description":"Der Stiftungssektor Schweiz ist und bleibt attraktiv. Dies zeigen die aktuellen Zahlen der Neugr\u00fcndungen im 3. Quartal 2019.Wobei auch in diesem Quartal die F\u00f6rderstiftungen mit 46 knapp gefolgt von den operativen Stiftungen vorne liegen.","robots":{"index":"index","follow":"follow","max-snippet":"max-snippet:-1","max-image-preview":"max-image-preview:large","max-video-preview":"max-video-preview:-1"},"canonical":"https:\/\/spheriq.ch\/blog\/die-stiftungslandschaft-waechst-und-waechst\/","og_locale":"de_DE","og_type":"article","og_title":"Die Stiftungslandschaft w\u00e4chst und w\u00e4chst - Spheriq-Blog","og_description":"Der Stiftungssektor Schweiz ist und bleibt attraktiv. Dies zeigen die aktuellen Zahlen der Neugr\u00fcndungen im 3. Quartal 2019.Wobei auch in diesem Quartal die F\u00f6rderstiftungen mit 46 knapp gefolgt von den operativen Stiftungen vorne liegen.","og_url":"https:\/\/spheriq.ch\/blog\/die-stiftungslandschaft-waechst-und-waechst\/","og_site_name":"Spheriq-Blog","article_published_time":"2019-10-01T04:00:04+00:00","article_modified_time":"2021-09-23T12:01:18+00:00","og_image":[{"width":1339,"height":516,"url":"https:\/\/spheriq.ch\/blog\/wp-content\/uploads\/2019\/10\/photo-1466692476868-aef1dfb1e735-e1569855849875-2.jpeg","type":"image\/jpeg"}],"author":"Claudia Dutli","twitter_card":"summary_large_image","twitter_creator":"@claudia.dutli@spheriq.ch","twitter_misc":{"Verfasst von":"Claudia Dutli","Gesch\u00e4tzte Lesezeit":"1\u00a0Minute"},"schema":{"@context":"https:\/\/schema.org","@graph":[{"@type":"Article","@id":"https:\/\/spheriq.ch\/blog\/die-stiftungslandschaft-waechst-und-waechst\/#article","isPartOf":{"@id":"https:\/\/spheriq.ch\/blog\/die-stiftungslandschaft-waechst-und-waechst\/"},"author":{"name":"Claudia Dutli","@id":"https:\/\/spheriq.ch\/blog\/#\/schema\/person\/e58604774540a61a370260d3d33f260b"},"headline":"Die Stiftungslandschaft w\u00e4chst und w\u00e4chst","datePublished":"2019-10-01T04:00:04+00:00","dateModified":"2021-09-23T12:01:18+00:00","mainEntityOfPage":{"@id":"https:\/\/spheriq.ch\/blog\/die-stiftungslandschaft-waechst-und-waechst\/"},"wordCount":67,"commentCount":2,"image":{"@id":"https:\/\/spheriq.ch\/blog\/die-stiftungslandschaft-waechst-und-waechst\/#primaryimage"},"thumbnailUrl":"https:\/\/spheriq.ch\/blog\/wp-content\/uploads\/2019\/10\/photo-1466692476868-aef1dfb1e735-e1569855849875-2.jpeg","keywords":["Dritter Sektor","Neugr\u00fcndungen","Philanthropiesektor","Stiftungen","Stiftungslandschaft","Wirkungsbereiche"],"articleSection":["Aus dem Sektor","Research"],"inLanguage":"de","potentialAction":[{"@type":"CommentAction","name":"Comment","target":["https:\/\/spheriq.ch\/blog\/die-stiftungslandschaft-waechst-und-waechst\/#respond"]}]},{"@type":"WebPage","@id":"https:\/\/spheriq.ch\/blog\/die-stiftungslandschaft-waechst-und-waechst\/","url":"https:\/\/spheriq.ch\/blog\/die-stiftungslandschaft-waechst-und-waechst\/","name":"Die Stiftungslandschaft w\u00e4chst und w\u00e4chst - Spheriq-Blog","isPartOf":{"@id":"https:\/\/spheriq.ch\/blog\/#website"},"primaryImageOfPage":{"@id":"https:\/\/spheriq.ch\/blog\/die-stiftungslandschaft-waechst-und-waechst\/#primaryimage"},"image":{"@id":"https:\/\/spheriq.ch\/blog\/die-stiftungslandschaft-waechst-und-waechst\/#primaryimage"},"thumbnailUrl":"https:\/\/spheriq.ch\/blog\/wp-content\/uploads\/2019\/10\/photo-1466692476868-aef1dfb1e735-e1569855849875-2.jpeg","datePublished":"2019-10-01T04:00:04+00:00","dateModified":"2021-09-23T12:01:18+00:00","author":{"@id":"https:\/\/spheriq.ch\/blog\/#\/schema\/person\/e58604774540a61a370260d3d33f260b"},"description":"Der Stiftungssektor Schweiz ist und bleibt attraktiv. Dies zeigen die aktuellen Zahlen der Neugr\u00fcndungen im 3. Quartal 2019.Wobei auch in diesem Quartal die F\u00f6rderstiftungen mit 46 knapp gefolgt von den operativen Stiftungen vorne liegen.","breadcrumb":{"@id":"https:\/\/spheriq.ch\/blog\/die-stiftungslandschaft-waechst-und-waechst\/#breadcrumb"},"inLanguage":"de","potentialAction":[{"@type":"ReadAction","target":["https:\/\/spheriq.ch\/blog\/die-stiftungslandschaft-waechst-und-waechst\/"]}]},{"@type":"ImageObject","inLanguage":"de","@id":"https:\/\/spheriq.ch\/blog\/die-stiftungslandschaft-waechst-und-waechst\/#primaryimage","url":"https:\/\/spheriq.ch\/blog\/wp-content\/uploads\/2019\/10\/photo-1466692476868-aef1dfb1e735-e1569855849875-2.jpeg","contentUrl":"https:\/\/spheriq.ch\/blog\/wp-content\/uploads\/2019\/10\/photo-1466692476868-aef1dfb1e735-e1569855849875-2.jpeg","width":1339,"height":516},{"@type":"BreadcrumbList","@id":"https:\/\/spheriq.ch\/blog\/die-stiftungslandschaft-waechst-und-waechst\/#breadcrumb","itemListElement":[{"@type":"ListItem","position":1,"name":"Home","item":"https:\/\/spheriq.ch\/blog\/"},{"@type":"ListItem","position":2,"name":"Die Stiftungslandschaft w\u00e4chst und w\u00e4chst"}]},{"@type":"WebSite","@id":"https:\/\/spheriq.ch\/blog\/#website","url":"https:\/\/spheriq.ch\/blog\/","name":"Spheriq-Blog","description":"Der Blog f\u00fcr Fundraiser, Stiftungsverwalter, Stiftungsr\u00e4te und alle, die sich f\u00fcr Fragen und Themen rund um den gemeinn\u00fctzigen Sektor interessieren.","potentialAction":[{"@type":"SearchAction","target":{"@type":"EntryPoint","urlTemplate":"https:\/\/spheriq.ch\/blog\/?s={search_term_string}"},"query-input":{"@type":"PropertyValueSpecification","valueRequired":true,"valueName":"search_term_string"}}],"inLanguage":"de"},{"@type":"Person","@id":"https:\/\/spheriq.ch\/blog\/#\/schema\/person\/e58604774540a61a370260d3d33f260b","name":"Claudia Dutli","image":{"@type":"ImageObject","inLanguage":"de","@id":"https:\/\/spheriq.ch\/blog\/#\/schema\/person\/image\/","url":"https:\/\/secure.gravatar.com\/avatar\/e8fd4528709e52dfe3861a34f038f1624598b156c6726e293c17ef521daa376a?s=96&d=mm&r=g","contentUrl":"https:\/\/secure.gravatar.com\/avatar\/e8fd4528709e52dfe3861a34f038f1624598b156c6726e293c17ef521daa376a?s=96&d=mm&r=g","caption":"Claudia Dutli"},"description":"Claudia Dutli studierte an der EHL, Hotelfachschule Passugg GR und diplomierte 1998. Neben ihrer langj\u00e4hrigen T\u00e4tigkeit als Kommunikations- verantwortliche am Gesch\u00e4ftssitz Z\u00fcrich einer Genfer Privatbank absolvierte sie die Fortbildung zur Public Relations Beraterin. Nach Stationen als selbst\u00e4ndige Kommunikationsberaterin f\u00fcr Startups und KMU zeichnete sie sich f\u00fcr die Konzeption und Umsetzung von The Philanthropist verantwortlich, welches sie als Verlagsleiterin f\u00fchrt. 2019 erg\u00e4nzte sie ihr Fachwissen durch die Absolvierung des Intensiv-Lehrgang Stiftungsmanagement am Center for Philanthropy Studies (CEPS), Basel.","sameAs":["https:\/\/x.com\/claudia.dutli@spheriq.ch"],"url":"https:\/\/spheriq.ch\/blog\/author\/claudia-dutli\/"}]}},"_links":{"self":[{"href":"https:\/\/spheriq.ch\/blog\/wp-json\/wp\/v2\/posts\/5254","targetHints":{"allow":["GET"]}}],"collection":[{"href":"https:\/\/spheriq.ch\/blog\/wp-json\/wp\/v2\/posts"}],"about":[{"href":"https:\/\/spheriq.ch\/blog\/wp-json\/wp\/v2\/types\/post"}],"author":[{"embeddable":true,"href":"https:\/\/spheriq.ch\/blog\/wp-json\/wp\/v2\/users\/19"}],"replies":[{"embeddable":true,"href":"https:\/\/spheriq.ch\/blog\/wp-json\/wp\/v2\/comments?post=5254"}],"version-history":[{"count":1,"href":"https:\/\/spheriq.ch\/blog\/wp-json\/wp\/v2\/posts\/5254\/revisions"}],"predecessor-version":[{"id":7732,"href":"https:\/\/spheriq.ch\/blog\/wp-json\/wp\/v2\/posts\/5254\/revisions\/7732"}],"wp:featuredmedia":[{"embeddable":true,"href":"https:\/\/spheriq.ch\/blog\/wp-json\/wp\/v2\/media\/5262"}],"wp:attachment":[{"href":"https:\/\/spheriq.ch\/blog\/wp-json\/wp\/v2\/media?parent=5254"}],"wp:term":[{"taxonomy":"category","embeddable":true,"href":"https:\/\/spheriq.ch\/blog\/wp-json\/wp\/v2\/categories?post=5254"},{"taxonomy":"post_tag","embeddable":true,"href":"https:\/\/spheriq.ch\/blog\/wp-json\/wp\/v2\/tags?post=5254"}],"curies":[{"name":"wp","href":"https:\/\/api.w.org\/{rel}","templated":true}]}}