{"id":20042,"date":"2026-03-10T14:38:20","date_gmt":"2026-03-10T13:38:20","guid":{"rendered":"https:\/\/spheriq.ch\/blog\/?p=20042"},"modified":"2026-08-31T14:39:47","modified_gmt":"2026-08-31T12:39:47","slug":"creator-journalismus-report","status":"publish","type":"post","link":"https:\/\/spheriq.ch\/blog\/creator-journalismus-report\/","title":{"rendered":"Creator-Journalismus-Report: Neuer Verein untersucht unabh\u00e4ngigen Journalismus im DACH-Raum"},"content":{"rendered":"\n<p class=\"is-style-lead wp-block-paragraph\">Immer mehr Journalist:innen setzen auf eigene Kan\u00e4le statt auf klassische Redaktionen. Kerstin Hasse und Gabriella Alvarez-Hummel untersuchen diese Entwicklung mit ihrem Verein The Creator Press. In einem Report ver\u00f6ffentlichen sie noch in diesem Jahr die Ergebnisse zur Lage des Creator-Journalismus im DACH-Raum.<\/p>\n\n\n\n<p class=\"wp-block-paragraph\">Der Aufstieg des Creator-Journalismus ist eine Antwort auf die tiefgreifenden Ver\u00e4nderungen in der Medienlandschaft. Auch im deutschsprachigen Raum arbeiten viele Journalist:innen zunehmend unabh\u00e4ngig von Medienh\u00e4usern und erreichen ihr Publikum \u00fcber alternative Plattformen. Die Creator-Journalistinnen Gabriella Alvarez-Hummel&nbsp;und Kerstin Hasse&nbsp;gehen dieser Entwicklung in ihrem neu gegr\u00fcndeten Verein&nbsp;<a href=\"https:\/\/www.thecreatorpress.org\/\" target=\"_blank\" rel=\"noreferrer noopener nofollow\">The Creator Press<\/a>&nbsp;erstmals systematisch nach. Unterst\u00fctzt von der&nbsp;<a href=\"https:\/\/app.spheriq.ch\/organisation\/stiftung-mercator-schweiz\" target=\"_blank\" rel=\"noopener\">Stiftung Mercator Schweiz<\/a>&nbsp;ver\u00f6ffentlichen sie noch dieses Jahr den Creator-Journalismus-Report.<\/p>\n\n\n\n<h3 id=\"ihr-wollt-mit-the-creator-press-herausfinden-wie-es-creator-journalistinnen-im-dach-raum-geht-was-versteht-ihr-unter-creator-journalismus\"  class=\"wp-block-heading\"><strong>Ihr wollt mit The Creator Press herausfinden, wie es Creator-Journalist:innen im DACH-Raum geht. Was versteht ihr unter Creator-Journalismus?<\/strong><\/h3>\n\n\n\n<figure class=\"wp-block-image alignleft is-resized is-style-rounded card-img-center\"><img loading=\"lazy\" decoding=\"async\" width=\"853\" height=\"853\" src=\"https:\/\/spheriq.ch\/blog\/wp-content\/uploads\/2026\/08\/Gabriella-Alvarez-Hummel-Portraet.jpg\" alt=\"\" class=\"wp-image-20060\" style=\"aspect-ratio:1;object-fit:cover;width:200px;height:auto\" srcset=\"https:\/\/spheriq.ch\/blog\/wp-content\/uploads\/2026\/08\/Gabriella-Alvarez-Hummel-Portraet.jpg 853w, https:\/\/spheriq.ch\/blog\/wp-content\/uploads\/2026\/08\/Gabriella-Alvarez-Hummel-Portraet-300x300.jpg 300w, https:\/\/spheriq.ch\/blog\/wp-content\/uploads\/2026\/08\/Gabriella-Alvarez-Hummel-Portraet-150x150.jpg 150w, https:\/\/spheriq.ch\/blog\/wp-content\/uploads\/2026\/08\/Gabriella-Alvarez-Hummel-Portraet-768x768.jpg 768w\" sizes=\"auto, (max-width: 853px) 100vw, 853px\" \/><figcaption class=\"wp-element-caption\">Gabriella Alvarez-Hummel, freie Journalistin, Cultural Producer und Co-Gr\u00fcnderin von The Creator&nbsp;Press<\/figcaption><\/figure>\n\n\n\n<p class=\"wp-block-paragraph\">Gabriella Alvarez-Hummel: Creator-Journalismus machen Menschen, die sich als Journalist:innen verstehen und ihre Inhalte im Internet verbreiten, etwa \u00fcber Newsletter, Podcasts oder Social Media. Viele Creator Journalist:innen sind noch bei Medienh\u00e4usern angestellt und publizieren parallel eigene Inhalte. Uns interessiert genau diese Realit\u00e4t: Wie gross ist der Anteil des Einkommens aus eigenen Projekten? Sind sie nebst ihrer unabh\u00e4ngigen T\u00e4tigkeit Teilzeit oder Vollzeit angestellt? Wie kombinieren sie beides?<\/p>\n\n\n\n<p class=\"wp-block-paragraph\">Kerstin Hasse: Wir unterscheiden auch verschiedene Rollen. Einige Creator-Journalist:innen arbeiten investigativ vor Ort, andere kuratieren News, wieder andere kommentieren und analysieren sie. Klar ist, dass sich Creator-Journalismus mittlerweile auch im DACH-Raum durchsetzt. W\u00e4hrend es in den USA l\u00e4ngst Communitys f\u00fcr diese Art von Journalist:innen gibt, waren bislang viele kritisch, dass sich das auch hier etablieren w\u00fcrde. Heute ist das Thema auch auf deutschsprachigen Konferenzen omnipr\u00e4sent.<\/p>\n\n\n\n<h3 id=\"welche-luecke-schliesst-der-creator-journalismus-report\"  class=\"wp-block-heading\"><strong>Welche L\u00fccke schliesst der Creator-Journalismus-Report?<\/strong><\/h3>\n\n\n\n<figure class=\"wp-block-image alignright is-resized is-style-rounded card-img-center\"><img loading=\"lazy\" decoding=\"async\" width=\"1831\" height=\"1829\" src=\"https:\/\/spheriq.ch\/blog\/wp-content\/uploads\/2026\/08\/Kerstin-Hasse-Portraet.jpg\" alt=\"\" class=\"wp-image-20057\" style=\"aspect-ratio:1.0010934937124112;object-fit:cover;width:200px;height:auto\" srcset=\"https:\/\/spheriq.ch\/blog\/wp-content\/uploads\/2026\/08\/Kerstin-Hasse-Portraet.jpg 1831w, https:\/\/spheriq.ch\/blog\/wp-content\/uploads\/2026\/08\/Kerstin-Hasse-Portraet-300x300.jpg 300w, https:\/\/spheriq.ch\/blog\/wp-content\/uploads\/2026\/08\/Kerstin-Hasse-Portraet-1024x1024.jpg 1024w, https:\/\/spheriq.ch\/blog\/wp-content\/uploads\/2026\/08\/Kerstin-Hasse-Portraet-150x150.jpg 150w, https:\/\/spheriq.ch\/blog\/wp-content\/uploads\/2026\/08\/Kerstin-Hasse-Portraet-768x767.jpg 768w, https:\/\/spheriq.ch\/blog\/wp-content\/uploads\/2026\/08\/Kerstin-Hasse-Portraet-1536x1534.jpg 1536w\" sizes=\"auto, (max-width: 1831px) 100vw, 1831px\" \/><figcaption class=\"wp-element-caption\">Kerstin Hasse, Journalistin, Podcasterin, Moderatorin und Co-Gr\u00fcnderin von The Creator&nbsp;Press<\/figcaption><\/figure>\n\n\n\n<p class=\"wp-block-paragraph\">Gabriella Alvarez-Hummel: Es gibt im gesamten DACH-Raum kaum Daten zu diesem Bereich. Einzelne Studien besch\u00e4ftigen sich mit Content Creators oder sogenannten Newsfluencers, aber nur am Rand mit Creator-Journalismus. Eine unserer zentralen Fragen ist, ob sich die von uns befragten Personen \u00fcberhaupt selbst als Creator-Journalist:innen verstehen.<\/p>\n\n\n\n<p class=\"wp-block-paragraph\">Kerstin Hasse: Der Report soll auch helfen, journalistische Standards im Creator-Bereich greifbarer zu machen. Vielen Creator-Journalist:innen fehlen klare Richtlinien, zum Beispiel im Umgang mit Fehlern und Korrigenda oder wie viele Quellen sie f\u00fcr ihre Beitr\u00e4ge heranziehen sollten.<\/p>\n\n\n\n<h3 id=\"ihr-sprecht-aus-eigener-erfahrung-was-sind-die-groessten-herausforderungen-als-creator-journalistin\"  class=\"wp-block-heading\"><strong>Ihr sprecht aus eigener Erfahrung. Was sind die gr\u00f6ssten Herausforderungen als Creator-Journalistin?<\/strong><\/h3>\n\n\n\n<p class=\"wp-block-paragraph\">Kerstin Hasse: Monetarisierung ist ein grosses Thema. Mein Traum ist nicht, mit meiner Arbeit reich zu werden. Ich m\u00f6chte aber davon leben k\u00f6nnen, journalistisch die Themen zu bearbeiten, die mir wichtig sind. Gleichzeitig ist man abh\u00e4ngig von Drittplattformen, die einem erst einmal Reichweite geben, aber kein Geld. Dazu kommt der Vermarktungsdruck: Ich bin eine One-Woman-Show. Content, Distribution, Marketing und Strategie, das mache alles ich allein.<\/p>\n\n\n\n<blockquote class=\"wp-block-quote is-layout-flow wp-block-quote-is-layout-flow\">\n<figure class=\"wp-block-pullquote\"><blockquote><p>Mein Traum ist nicht, mit meiner Arbeit reich zu werden. Ich m\u00f6chte aber davon leben k\u00f6nnen, journalistisch die Themen zu bearbeiten, die mir wichtig&nbsp;sind.&nbsp;<\/p><cite><sub>Kerstin&nbsp;Hasse<\/sub><\/cite><\/blockquote><\/figure>\n<\/blockquote>\n\n\n\n<h3 id=\"wie-ist-die-zusammenarbeit-mit-der-stiftung-mercator-schweiz-entstanden\"  class=\"wp-block-heading\"><strong>Wie ist die Zusammenarbeit mit der Stiftung Mercator Schweiz entstanden?<\/strong><\/h3>\n\n\n\n<p class=\"wp-block-paragraph\">Gabriella Alvarez-Hummel: Wir wussten, dass Mercator Medienprojekte unterst\u00fctzt und einen moderneren F\u00f6rderansatz verfolgt. Ich kannte jemanden von der Stiftung, wir haben einen Termin vereinbart und unser Projekt vorgestellt.<\/p>\n\n\n\n<p class=\"wp-block-paragraph\">Kerstin Hasse: Das Thema war dem Stiftungsrat sowieso schon auf dem Radar. Sie haben Creator-Journalismus als wichtigen Trend erkannt. Da wir selbst in diesem Feld t\u00e4tig sind, war es f\u00fcr beide Seiten naheliegend, dass wir den Verein gr\u00fcnden und den Report gemeinsam realisieren.<\/p>\n\n\n\n<h3 id=\"inwiefern-ist-der-report-fuer-foerderorganisationen-relevant-die-journalismus-oder-neue-journalistische-formate-staerken-wollen\"  class=\"wp-block-heading\"><strong>Inwiefern ist der Report f\u00fcr F\u00f6rderorganisationen relevant, die Journalismus oder neue journalistische Formate st\u00e4rken wollen?<\/strong><\/h3>\n\n\n\n<p class=\"wp-block-paragraph\">Gabriella Alvarez-Hummel: Gerade f\u00fcr digitale Journalismusprojekte gibt es bisher wenig F\u00f6rderung. Es entstehen zwar neue F\u00f6rdermodelle wie der&nbsp;<a href=\"https:\/\/www.mediaforwardfund.org\/\">Media Forward Fund<\/a>, aber da ist noch viel Luft nach oben. Ich hoffe, dass der Report ein Bewusstsein schafft und Creator-Journalismus auch im Stiftungssektor mehr Anerkennung erh\u00e4lt.&nbsp;<\/p>\n\n\n\n<p class=\"wp-block-paragraph\">Kerstin Hasse: Viele Stiftungen wollen eine diversere Medienlandschaft f\u00f6rdern. Creator-Journalismus wird dazu einen wichtigen Beitrag leisten. Vor allem in einer Zeit, in der klassische Medien stark unter Druck stehen.<\/p>\n\n\n\n<h3 id=\"was-koennen-npos-und-stiftungen-von-creator-journalistinnen-lernen\"  class=\"wp-block-heading\"><strong>Was k\u00f6nnen NPOs und Stiftungen von Creator-Journalist:innen lernen?<\/strong><\/h3>\n\n\n\n<p class=\"wp-block-paragraph\">Gabriella Alvarez-Hummel: Einfach machen! Die meisten Kan\u00e4le, auf denen auch Creator-Journalismus stattfindet, sind sehr zug\u00e4nglich und niederschwellig. Aber vor allem braucht es Menschen, die eine Chance packen. Im Prozess entwickelt man sich dann laufend.<\/p>\n\n\n\n<p class=\"wp-block-paragraph\">Kerstin Hasse: Ein wichtiges Konzept ist das User-Needs-Modell: Was brauchen User:innen wirklich \u2013 Orientierung, Einordnung, Inspiration? Creator-Journalismus bewegt sich sehr organisch entlang dieser Bed\u00fcrfnisse. Das k\u00f6nnen sich auch NPOs und F\u00f6rderorganisationen zu Herzen nehmen: Nicht etwas machen, weil es alle machen oder schon immer so war, sondern weil es den Menschen etwas bringt.<\/p>\n\n\n\n<figure class=\"wp-block-pullquote\"><blockquote><p>Es haben sich sogar erste Medienh\u00e4user auf unserer Website gemeldet, weil sie am Report interessiert&nbsp;sind.<\/p><cite><sub>Gabriella Alvarez-Hummel<\/sub><\/cite><\/blockquote><\/figure>\n\n\n\n<h3 id=\"wie-gross-ist-die-resonanz-auf-the-creator-press-und-den-geplanten-report-bisher\"  class=\"wp-block-heading\"><strong>Wie gross ist die Resonanz auf The Creator Press und den geplanten Report bisher?<\/strong><\/h3>\n\n\n\n<p class=\"wp-block-paragraph\">Kerstin Hasse: Sehr gross. Wir haben viele R\u00fcckmeldungen aus dem ganzen DACH-Raum erhalten und nun viele Creator-Journalist:innen gefunden, die an der Umfrage teilnehmen wollen. Aber vor allem werde ich von verschiedenen Kolleg:innen aus der Branche darauf angesprochen.<\/p>\n\n\n\n<p class=\"wp-block-paragraph\">Gabriella Alvarez-Hummel: Mich hat \u00fcberrascht, wie viele sich mit dem Thema besch\u00e4ftigen. Es haben sich sogar erste Medienh\u00e4user auf unserer Website gemeldet, weil sie am Report interessiert&nbsp;sind.<\/p>\n\n\n\n<h3 id=\"wann-rechnet-ihr-mit-der-veroeffentlichung-des-reports\"  class=\"wp-block-heading\"><strong>Wann rechnet ihr mit der Ver\u00f6ffentlichung des Reports?<\/strong><\/h3>\n\n\n\n<p class=\"wp-block-paragraph\">Gabriella Alvarez-Hummel: Wenn alles gut l\u00e4uft im&nbsp;Juni.<\/p>\n\n\n\n<h3 id=\"wie-geht-es-nach-dem-report-mit-the-creator-press-weiter\"  class=\"wp-block-heading\"><strong>Wie geht es nach dem Report mit The Creator Press weiter?<\/strong><\/h3>\n\n\n\n<p class=\"wp-block-paragraph\">Gabriella Alvarez-Hummel: Wir haben viele Ideen, aber wir wollen nur das weiterverfolgen, was wirklich n\u00fctzlich ist. Ob wir eher ein Netzwerk aufbauen, mehr Sichtbarkeit schaffen oder beratend t\u00e4tig werden, wird sich aus dem Report ergeben. Entscheidend ist, was wir daraus lernen und was tats\u00e4chlich gebraucht wird.<\/p>\n\n\n\n<p class=\"has-gray-color has-text-color has-link-color wp-elements-1 wp-block-paragraph\"><strong>Fotos:<\/strong><br>Portr\u00e4t Gabriella Alvarez-Hummel: No\u00eblle Guidon<br>Portr\u00e4t Kerstin Hasse: Raphaela Pichler<\/p>\n","protected":false},"excerpt":{"rendered":"Immer mehr Journalist:innen setzen auf eigene Kan\u00e4le statt auf klassische Redaktionen. Kerstin Hasse und Gabriella Alvarez-Hummel untersuchen diese Entwicklung mit ihrem Verein The Creator Press. In einem Report ver\u00f6ffentlichen sie noch in diesem Jahr die Ergebnisse zur Lage des Creator-Journalismus im DACH-Raum. Der Aufstieg des Creator-Journalismus ist eine Antwort auf die tiefgreifenden Ver\u00e4nderungen in der&#8230;","protected":false},"author":49,"featured_media":20046,"comment_status":"open","ping_status":"open","sticky":false,"template":"","format":"image","meta":{"_acf_changed":false,"footnotes":""},"categories":[523,1171,1117],"tags":[],"post_label":[1090],"class_list":["post-20042","post","type-post","status-publish","format-image","has-post-thumbnail","hentry","category-sektor","category-foerdern-entwickeln","category-national","post_format-post-format-image","post_label-the-philanthropist"],"acf":[],"yoast_head":"<!-- This site is optimized with the Yoast SEO plugin v28.2 - https:\/\/yoast.com\/product\/yoast-seo-wordpress\/ -->\n<title>Creator-Journalismus-Report: Neuer Verein untersucht unabh\u00e4ngigen Journalismus im DACH-Raum - Spheriq-Blog<\/title>\n<meta name=\"description\" content=\"Immer mehr Journalist:innen setzen auf eigene Kan\u00e4le statt auf klassische Redaktionen. Kerstin Hasse und Gabriella Alvarez-Hummel untersuchen diese Entwicklung mit ihrem Verein The Creator Press. In einem Report ver\u00f6ffentlichen sie noch in diesem Jahr die Ergebnisse zur Lage des Creator-Journalismus im DACH-Raum.\" \/>\n<meta name=\"robots\" content=\"index, follow, max-snippet:-1, max-image-preview:large, max-video-preview:-1\" \/>\n<link rel=\"canonical\" href=\"https:\/\/spheriq.ch\/blog\/creator-journalismus-report\/\" \/>\n<meta property=\"og:locale\" content=\"de_DE\" \/>\n<meta property=\"og:type\" content=\"article\" \/>\n<meta property=\"og:title\" content=\"Creator-Journalismus-Report: Neuer Verein untersucht unabh\u00e4ngigen Journalismus im DACH-Raum - Spheriq-Blog\" \/>\n<meta property=\"og:description\" content=\"Immer mehr Journalist:innen setzen auf eigene Kan\u00e4le statt auf klassische Redaktionen. Kerstin Hasse und Gabriella Alvarez-Hummel untersuchen diese Entwicklung mit ihrem Verein The Creator Press. In einem Report ver\u00f6ffentlichen sie noch in diesem Jahr die Ergebnisse zur Lage des Creator-Journalismus im DACH-Raum.\" \/>\n<meta property=\"og:url\" content=\"https:\/\/spheriq.ch\/blog\/creator-journalismus-report\/\" \/>\n<meta property=\"og:site_name\" content=\"Spheriq-Blog\" \/>\n<meta property=\"article:published_time\" content=\"2026-03-10T13:38:20+00:00\" \/>\n<meta property=\"article:modified_time\" content=\"2026-08-31T12:39:47+00:00\" \/>\n<meta property=\"og:image\" content=\"https:\/\/spheriq.ch\/blog\/wp-content\/uploads\/2026\/08\/creator-journalismus-report-header.jpg\" \/>\n\t<meta property=\"og:image:width\" content=\"1920\" \/>\n\t<meta property=\"og:image:height\" content=\"1280\" \/>\n\t<meta property=\"og:image:type\" content=\"image\/jpeg\" \/>\n<meta name=\"author\" content=\"Olivia Sch\u00e4r\" \/>\n<meta name=\"twitter:card\" content=\"summary_large_image\" \/>\n<meta name=\"twitter:label1\" content=\"Verfasst von\" \/>\n\t<meta name=\"twitter:data1\" content=\"Olivia Sch\u00e4r\" \/>\n\t<meta name=\"twitter:label2\" content=\"Gesch\u00e4tzte Lesezeit\" \/>\n\t<meta name=\"twitter:data2\" content=\"6\u00a0Minuten\" \/>\n<script type=\"application\/ld+json\" class=\"yoast-schema-graph\">{\"@context\":\"https:\\\/\\\/schema.org\",\"@graph\":[{\"@type\":\"Article\",\"@id\":\"https:\\\/\\\/spheriq.ch\\\/blog\\\/creator-journalismus-report\\\/#article\",\"isPartOf\":{\"@id\":\"https:\\\/\\\/spheriq.ch\\\/blog\\\/creator-journalismus-report\\\/\"},\"author\":{\"name\":\"Olivia Sch\u00e4r\",\"@id\":\"https:\\\/\\\/spheriq.ch\\\/blog\\\/#\\\/schema\\\/person\\\/c9c59c1a57bf7955576790d53309a5f5\"},\"headline\":\"Creator-Journalismus-Report: Neuer Verein untersucht unabh\u00e4ngigen Journalismus im DACH-Raum\",\"datePublished\":\"2026-03-10T13:38:20+00:00\",\"dateModified\":\"2026-08-31T12:39:47+00:00\",\"mainEntityOfPage\":{\"@id\":\"https:\\\/\\\/spheriq.ch\\\/blog\\\/creator-journalismus-report\\\/\"},\"wordCount\":1012,\"commentCount\":0,\"image\":{\"@id\":\"https:\\\/\\\/spheriq.ch\\\/blog\\\/creator-journalismus-report\\\/#primaryimage\"},\"thumbnailUrl\":\"https:\\\/\\\/spheriq.ch\\\/blog\\\/wp-content\\\/uploads\\\/2026\\\/08\\\/creator-journalismus-report-header.jpg\",\"articleSection\":[\"Aus dem Sektor\",\"F\u00f6rdern &amp; Entwickeln\",\"National\"],\"inLanguage\":\"de\",\"potentialAction\":[{\"@type\":\"CommentAction\",\"name\":\"Comment\",\"target\":[\"https:\\\/\\\/spheriq.ch\\\/blog\\\/creator-journalismus-report\\\/#respond\"]}]},{\"@type\":\"WebPage\",\"@id\":\"https:\\\/\\\/spheriq.ch\\\/blog\\\/creator-journalismus-report\\\/\",\"url\":\"https:\\\/\\\/spheriq.ch\\\/blog\\\/creator-journalismus-report\\\/\",\"name\":\"Creator-Journalismus-Report: Neuer Verein untersucht unabh\u00e4ngigen Journalismus im DACH-Raum - Spheriq-Blog\",\"isPartOf\":{\"@id\":\"https:\\\/\\\/spheriq.ch\\\/blog\\\/#website\"},\"primaryImageOfPage\":{\"@id\":\"https:\\\/\\\/spheriq.ch\\\/blog\\\/creator-journalismus-report\\\/#primaryimage\"},\"image\":{\"@id\":\"https:\\\/\\\/spheriq.ch\\\/blog\\\/creator-journalismus-report\\\/#primaryimage\"},\"thumbnailUrl\":\"https:\\\/\\\/spheriq.ch\\\/blog\\\/wp-content\\\/uploads\\\/2026\\\/08\\\/creator-journalismus-report-header.jpg\",\"datePublished\":\"2026-03-10T13:38:20+00:00\",\"dateModified\":\"2026-08-31T12:39:47+00:00\",\"author\":{\"@id\":\"https:\\\/\\\/spheriq.ch\\\/blog\\\/#\\\/schema\\\/person\\\/c9c59c1a57bf7955576790d53309a5f5\"},\"description\":\"Immer mehr Journalist:innen setzen auf eigene Kan\u00e4le statt auf klassische Redaktionen. Kerstin Hasse und Gabriella Alvarez-Hummel untersuchen diese Entwicklung mit ihrem Verein The Creator Press. In einem Report ver\u00f6ffentlichen sie noch in diesem Jahr die Ergebnisse zur Lage des Creator-Journalismus im DACH-Raum.\",\"breadcrumb\":{\"@id\":\"https:\\\/\\\/spheriq.ch\\\/blog\\\/creator-journalismus-report\\\/#breadcrumb\"},\"inLanguage\":\"de\",\"potentialAction\":[{\"@type\":\"ReadAction\",\"target\":[\"https:\\\/\\\/spheriq.ch\\\/blog\\\/creator-journalismus-report\\\/\"]}]},{\"@type\":\"ImageObject\",\"inLanguage\":\"de\",\"@id\":\"https:\\\/\\\/spheriq.ch\\\/blog\\\/creator-journalismus-report\\\/#primaryimage\",\"url\":\"https:\\\/\\\/spheriq.ch\\\/blog\\\/wp-content\\\/uploads\\\/2026\\\/08\\\/creator-journalismus-report-header.jpg\",\"contentUrl\":\"https:\\\/\\\/spheriq.ch\\\/blog\\\/wp-content\\\/uploads\\\/2026\\\/08\\\/creator-journalismus-report-header.jpg\",\"width\":1920,\"height\":1280},{\"@type\":\"BreadcrumbList\",\"@id\":\"https:\\\/\\\/spheriq.ch\\\/blog\\\/creator-journalismus-report\\\/#breadcrumb\",\"itemListElement\":[{\"@type\":\"ListItem\",\"position\":1,\"name\":\"Home\",\"item\":\"https:\\\/\\\/spheriq.ch\\\/blog\\\/\"},{\"@type\":\"ListItem\",\"position\":2,\"name\":\"Creator-Journalismus-Report: Neuer Verein untersucht unabh\u00e4ngigen Journalismus im DACH-Raum\"}]},{\"@type\":\"WebSite\",\"@id\":\"https:\\\/\\\/spheriq.ch\\\/blog\\\/#website\",\"url\":\"https:\\\/\\\/spheriq.ch\\\/blog\\\/\",\"name\":\"Spheriq-Blog\",\"description\":\"Der Blog f\u00fcr Fundraiser, Stiftungsverwalter, Stiftungsr\u00e4te und alle, die sich f\u00fcr Fragen und Themen rund um den gemeinn\u00fctzigen Sektor interessieren.\",\"potentialAction\":[{\"@type\":\"SearchAction\",\"target\":{\"@type\":\"EntryPoint\",\"urlTemplate\":\"https:\\\/\\\/spheriq.ch\\\/blog\\\/?s={search_term_string}\"},\"query-input\":{\"@type\":\"PropertyValueSpecification\",\"valueRequired\":true,\"valueName\":\"search_term_string\"}}],\"inLanguage\":\"de\"},{\"@type\":\"Person\",\"@id\":\"https:\\\/\\\/spheriq.ch\\\/blog\\\/#\\\/schema\\\/person\\\/c9c59c1a57bf7955576790d53309a5f5\",\"name\":\"Olivia Sch\u00e4r\",\"image\":{\"@type\":\"ImageObject\",\"inLanguage\":\"de\",\"@id\":\"https:\\\/\\\/secure.gravatar.com\\\/avatar\\\/0269d2be5c35a6cb88e6f28c5735ebe96a575710e55c0bd0978acad357953ffe?s=96&d=mm&r=g\",\"url\":\"https:\\\/\\\/secure.gravatar.com\\\/avatar\\\/0269d2be5c35a6cb88e6f28c5735ebe96a575710e55c0bd0978acad357953ffe?s=96&d=mm&r=g\",\"contentUrl\":\"https:\\\/\\\/secure.gravatar.com\\\/avatar\\\/0269d2be5c35a6cb88e6f28c5735ebe96a575710e55c0bd0978acad357953ffe?s=96&d=mm&r=g\",\"caption\":\"Olivia Sch\u00e4r\"},\"description\":\"Olivia Sch\u00e4r has a Bachelor\u2019s degree in English and Art History and a Master\u2019s degree in Sociolinguistics. She gained her first experience in foundation work as a research assistant at the University of Bern. For several years she worked as a content manager and copywriter before completing her journalistic training at SRF and CH Media. Today, she works in content and digital marketing at Spheriq.\",\"url\":\"https:\\\/\\\/spheriq.ch\\\/blog\\\/author\\\/olivia-schaer\\\/\"}]}<\/script>\n<!-- \/ Yoast SEO plugin. -->","yoast_head_json":{"title":"Creator-Journalismus-Report: Neuer Verein untersucht unabh\u00e4ngigen Journalismus im DACH-Raum - Spheriq-Blog","description":"Immer mehr Journalist:innen setzen auf eigene Kan\u00e4le statt auf klassische Redaktionen. Kerstin Hasse und Gabriella Alvarez-Hummel untersuchen diese Entwicklung mit ihrem Verein The Creator Press. In einem Report ver\u00f6ffentlichen sie noch in diesem Jahr die Ergebnisse zur Lage des Creator-Journalismus im DACH-Raum.","robots":{"index":"index","follow":"follow","max-snippet":"max-snippet:-1","max-image-preview":"max-image-preview:large","max-video-preview":"max-video-preview:-1"},"canonical":"https:\/\/spheriq.ch\/blog\/creator-journalismus-report\/","og_locale":"de_DE","og_type":"article","og_title":"Creator-Journalismus-Report: Neuer Verein untersucht unabh\u00e4ngigen Journalismus im DACH-Raum - Spheriq-Blog","og_description":"Immer mehr Journalist:innen setzen auf eigene Kan\u00e4le statt auf klassische Redaktionen. Kerstin Hasse und Gabriella Alvarez-Hummel untersuchen diese Entwicklung mit ihrem Verein The Creator Press. In einem Report ver\u00f6ffentlichen sie noch in diesem Jahr die Ergebnisse zur Lage des Creator-Journalismus im DACH-Raum.","og_url":"https:\/\/spheriq.ch\/blog\/creator-journalismus-report\/","og_site_name":"Spheriq-Blog","article_published_time":"2026-03-10T13:38:20+00:00","article_modified_time":"2026-08-31T12:39:47+00:00","og_image":[{"width":1920,"height":1280,"url":"https:\/\/spheriq.ch\/blog\/wp-content\/uploads\/2026\/08\/creator-journalismus-report-header.jpg","type":"image\/jpeg"}],"author":"Olivia Sch\u00e4r","twitter_card":"summary_large_image","twitter_misc":{"Verfasst von":"Olivia Sch\u00e4r","Gesch\u00e4tzte Lesezeit":"6\u00a0Minuten"},"schema":{"@context":"https:\/\/schema.org","@graph":[{"@type":"Article","@id":"https:\/\/spheriq.ch\/blog\/creator-journalismus-report\/#article","isPartOf":{"@id":"https:\/\/spheriq.ch\/blog\/creator-journalismus-report\/"},"author":{"name":"Olivia Sch\u00e4r","@id":"https:\/\/spheriq.ch\/blog\/#\/schema\/person\/c9c59c1a57bf7955576790d53309a5f5"},"headline":"Creator-Journalismus-Report: Neuer Verein untersucht unabh\u00e4ngigen Journalismus im DACH-Raum","datePublished":"2026-03-10T13:38:20+00:00","dateModified":"2026-08-31T12:39:47+00:00","mainEntityOfPage":{"@id":"https:\/\/spheriq.ch\/blog\/creator-journalismus-report\/"},"wordCount":1012,"commentCount":0,"image":{"@id":"https:\/\/spheriq.ch\/blog\/creator-journalismus-report\/#primaryimage"},"thumbnailUrl":"https:\/\/spheriq.ch\/blog\/wp-content\/uploads\/2026\/08\/creator-journalismus-report-header.jpg","articleSection":["Aus dem Sektor","F\u00f6rdern &amp; Entwickeln","National"],"inLanguage":"de","potentialAction":[{"@type":"CommentAction","name":"Comment","target":["https:\/\/spheriq.ch\/blog\/creator-journalismus-report\/#respond"]}]},{"@type":"WebPage","@id":"https:\/\/spheriq.ch\/blog\/creator-journalismus-report\/","url":"https:\/\/spheriq.ch\/blog\/creator-journalismus-report\/","name":"Creator-Journalismus-Report: Neuer Verein untersucht unabh\u00e4ngigen Journalismus im DACH-Raum - Spheriq-Blog","isPartOf":{"@id":"https:\/\/spheriq.ch\/blog\/#website"},"primaryImageOfPage":{"@id":"https:\/\/spheriq.ch\/blog\/creator-journalismus-report\/#primaryimage"},"image":{"@id":"https:\/\/spheriq.ch\/blog\/creator-journalismus-report\/#primaryimage"},"thumbnailUrl":"https:\/\/spheriq.ch\/blog\/wp-content\/uploads\/2026\/08\/creator-journalismus-report-header.jpg","datePublished":"2026-03-10T13:38:20+00:00","dateModified":"2026-08-31T12:39:47+00:00","author":{"@id":"https:\/\/spheriq.ch\/blog\/#\/schema\/person\/c9c59c1a57bf7955576790d53309a5f5"},"description":"Immer mehr Journalist:innen setzen auf eigene Kan\u00e4le statt auf klassische Redaktionen. Kerstin Hasse und Gabriella Alvarez-Hummel untersuchen diese Entwicklung mit ihrem Verein The Creator Press. In einem Report ver\u00f6ffentlichen sie noch in diesem Jahr die Ergebnisse zur Lage des Creator-Journalismus im DACH-Raum.","breadcrumb":{"@id":"https:\/\/spheriq.ch\/blog\/creator-journalismus-report\/#breadcrumb"},"inLanguage":"de","potentialAction":[{"@type":"ReadAction","target":["https:\/\/spheriq.ch\/blog\/creator-journalismus-report\/"]}]},{"@type":"ImageObject","inLanguage":"de","@id":"https:\/\/spheriq.ch\/blog\/creator-journalismus-report\/#primaryimage","url":"https:\/\/spheriq.ch\/blog\/wp-content\/uploads\/2026\/08\/creator-journalismus-report-header.jpg","contentUrl":"https:\/\/spheriq.ch\/blog\/wp-content\/uploads\/2026\/08\/creator-journalismus-report-header.jpg","width":1920,"height":1280},{"@type":"BreadcrumbList","@id":"https:\/\/spheriq.ch\/blog\/creator-journalismus-report\/#breadcrumb","itemListElement":[{"@type":"ListItem","position":1,"name":"Home","item":"https:\/\/spheriq.ch\/blog\/"},{"@type":"ListItem","position":2,"name":"Creator-Journalismus-Report: Neuer Verein untersucht unabh\u00e4ngigen Journalismus im DACH-Raum"}]},{"@type":"WebSite","@id":"https:\/\/spheriq.ch\/blog\/#website","url":"https:\/\/spheriq.ch\/blog\/","name":"Spheriq-Blog","description":"Der Blog f\u00fcr Fundraiser, Stiftungsverwalter, Stiftungsr\u00e4te und alle, die sich f\u00fcr Fragen und Themen rund um den gemeinn\u00fctzigen Sektor interessieren.","potentialAction":[{"@type":"SearchAction","target":{"@type":"EntryPoint","urlTemplate":"https:\/\/spheriq.ch\/blog\/?s={search_term_string}"},"query-input":{"@type":"PropertyValueSpecification","valueRequired":true,"valueName":"search_term_string"}}],"inLanguage":"de"},{"@type":"Person","@id":"https:\/\/spheriq.ch\/blog\/#\/schema\/person\/c9c59c1a57bf7955576790d53309a5f5","name":"Olivia Sch\u00e4r","image":{"@type":"ImageObject","inLanguage":"de","@id":"https:\/\/secure.gravatar.com\/avatar\/0269d2be5c35a6cb88e6f28c5735ebe96a575710e55c0bd0978acad357953ffe?s=96&d=mm&r=g","url":"https:\/\/secure.gravatar.com\/avatar\/0269d2be5c35a6cb88e6f28c5735ebe96a575710e55c0bd0978acad357953ffe?s=96&d=mm&r=g","contentUrl":"https:\/\/secure.gravatar.com\/avatar\/0269d2be5c35a6cb88e6f28c5735ebe96a575710e55c0bd0978acad357953ffe?s=96&d=mm&r=g","caption":"Olivia Sch\u00e4r"},"description":"Olivia Sch\u00e4r has a Bachelor\u2019s degree in English and Art History and a Master\u2019s degree in Sociolinguistics. She gained her first experience in foundation work as a research assistant at the University of Bern. For several years she worked as a content manager and copywriter before completing her journalistic training at SRF and CH Media. Today, she works in content and digital marketing at Spheriq.","url":"https:\/\/spheriq.ch\/blog\/author\/olivia-schaer\/"}]}},"_links":{"self":[{"href":"https:\/\/spheriq.ch\/blog\/wp-json\/wp\/v2\/posts\/20042","targetHints":{"allow":["GET"]}}],"collection":[{"href":"https:\/\/spheriq.ch\/blog\/wp-json\/wp\/v2\/posts"}],"about":[{"href":"https:\/\/spheriq.ch\/blog\/wp-json\/wp\/v2\/types\/post"}],"author":[{"embeddable":true,"href":"https:\/\/spheriq.ch\/blog\/wp-json\/wp\/v2\/users\/49"}],"replies":[{"embeddable":true,"href":"https:\/\/spheriq.ch\/blog\/wp-json\/wp\/v2\/comments?post=20042"}],"version-history":[{"count":5,"href":"https:\/\/spheriq.ch\/blog\/wp-json\/wp\/v2\/posts\/20042\/revisions"}],"predecessor-version":[{"id":20065,"href":"https:\/\/spheriq.ch\/blog\/wp-json\/wp\/v2\/posts\/20042\/revisions\/20065"}],"wp:featuredmedia":[{"embeddable":true,"href":"https:\/\/spheriq.ch\/blog\/wp-json\/wp\/v2\/media\/20046"}],"wp:attachment":[{"href":"https:\/\/spheriq.ch\/blog\/wp-json\/wp\/v2\/media?parent=20042"}],"wp:term":[{"taxonomy":"category","embeddable":true,"href":"https:\/\/spheriq.ch\/blog\/wp-json\/wp\/v2\/categories?post=20042"},{"taxonomy":"post_tag","embeddable":true,"href":"https:\/\/spheriq.ch\/blog\/wp-json\/wp\/v2\/tags?post=20042"},{"taxonomy":"post_label","embeddable":true,"href":"https:\/\/spheriq.ch\/blog\/wp-json\/wp\/v2\/post_label?post=20042"}],"curies":[{"name":"wp","href":"https:\/\/api.w.org\/{rel}","templated":true}]}}