{"id":19999,"date":"2026-08-31T14:27:18","date_gmt":"2026-08-31T12:27:18","guid":{"rendered":"https:\/\/spheriq.ch\/blog\/?p=19999"},"modified":"2026-08-31T14:41:32","modified_gmt":"2026-08-31T12:41:32","slug":"creator-journalismus-philanthropie","status":"publish","type":"post","link":"https:\/\/spheriq.ch\/blog\/creator-journalismus-philanthropie\/","title":{"rendered":"So st\u00e4rkt Philanthropie den Creator-Journalismus"},"content":{"rendered":"\n<p class=\"is-style-lead wp-block-paragraph\">Ein neuer Report des Vereins The Creator Press ver\u00f6ffentlicht erstmals Daten zur Lage des Creator-Journalismus im DACH-Raum. Die Autorinnen zeigen, wie sich das noch junge Berufsfeld entwickelt und welche Rolle die Philanthropie dabei spielen k\u00f6nnte.<\/p>\n\n\n\n<p class=\"has-gray-color has-text-color has-link-color wp-elements-1 wp-block-paragraph\">Bild: Raphaela Pichler<\/p>\n\n\n\n<p class=\"wp-block-paragraph\">Es fehlten ihnen Daten zum Creator-Journalismus, deshalb initiierten sie einfach selbst einen Report. Kerstin Hasse und Gabriella Alvarez-Hummel z\u00e4hlen sich als Creator-Journalist:innen selbst zum noch jungen und schwer greifbaren Berufsfeld. Mit ihrem <a href=\"https:\/\/www.thecreatorpress.org\" target=\"_blank\" rel=\"noreferrer noopener nofollow\">Verein The Creator Press<\/a> <a href=\"https:\/\/spheriq.ch\/blog\/creator-journalismus-report\/\" target=\"_blank\" rel=\"noreferrer noopener\">starteten sie Anfang Jahr eine Umfrage<\/a>. Der neu erschienene Creator-Journalismus-Report, unterst\u00fctzt von der <a href=\"https:\/\/app.spheriq.ch\/organisation\/stiftung-mercator-schweiz\" target=\"_blank\" rel=\"noopener\">Stiftung Mercator Schweiz<\/a>, fasst die Ergebnisse zusammen.<\/p>\n\n\n\n<figure class=\"wp-block-image alignleft size-large is-resized card-img-center\"><img loading=\"lazy\" decoding=\"async\" width=\"1028\" height=\"1393\" src=\"https:\/\/spheriq.ch\/blog\/wp-content\/uploads\/2026\/08\/Video-Creator-Press-edited.png\" alt=\"\" class=\"wp-image-20019\" style=\"aspect-ratio:0.7379955252136997;width:445px;height:auto\" srcset=\"https:\/\/spheriq.ch\/blog\/wp-content\/uploads\/2026\/08\/Video-Creator-Press-edited.png 1028w, https:\/\/spheriq.ch\/blog\/wp-content\/uploads\/2026\/08\/Video-Creator-Press-edited-221x300.png 221w, https:\/\/spheriq.ch\/blog\/wp-content\/uploads\/2026\/08\/Video-Creator-Press-edited-756x1024.png 756w, https:\/\/spheriq.ch\/blog\/wp-content\/uploads\/2026\/08\/Video-Creator-Press-edited-768x1041.png 768w\" sizes=\"auto, (max-width: 1028px) 100vw, 1028px\" \/><figcaption class=\"wp-element-caption\">Kerstin Hasse und Gabriella Alvarez-Hummel stellen den Report 2026 zum Creator-Journalismus im DACH-Raum vor. (Bild: Screenshot von The Creator Press)<\/figcaption><\/figure>\n\n\n\n<h2 id=\"zwischen-journalismus-und-unternehmertum\"  class=\"wp-block-heading\"><strong>Zwischen Journalismus und Unternehmertum<\/strong>&nbsp;<\/h2>\n\n\n\n<p class=\"wp-block-paragraph\">Creator-Journalist:innen \u00fcbernehmen mehrere Rollen gleichzeitig. Sie recherchieren, f\u00fchren Interviews, pr\u00fcfen Quellen und ordnen Informationen ein. Gleichzeitig bereiten sie Inhalte f\u00fcr digitale Plattformen auf, k\u00fcmmern sich um ihre Community und m\u00fcssen sich mit Marketing, Strategie und Distribution besch\u00e4ftigen. Als Selbst\u00e4ndige kommen administrative Aufgaben hinzu: Um Buchhaltung, Vertr\u00e4ge, Versicherungen und Steuern m\u00fcssen sie sich ebenfalls selbst k\u00fcmmern. Mehr als zwei Drittel der Befragten identifizieren sich deshalb mit mehreren Berufsbezeichnungen. Am h\u00e4ufigsten sind \u00abJournalist:in\u00bb, \u00abCreator-Journalist:in\u00bb und \u00abUnternehmer:in\u00bb. 76 Prozent k\u00f6nnen sich mit dem Begriff Creator-Journalist:in identifizieren.&nbsp;<\/p>\n\n\n\n<p class=\"wp-block-paragraph\">Was Hasse und Alvarez-Hummel an den Ergebnissen besonders \u00fcberrascht hat, ist der starke intrinsische Antrieb der Befragten. Auf Nachfrage erkl\u00e4ren die beiden, diese Leidenschaft f\u00fcr den Journalismus sei zwar nicht \u00fcberraschend, jedoch hemme sie manche:n Creator-Journalist:in offenbar dabei, unternehmerisch zu denken. \u00abSie nehmen sich zur\u00fcck, wenn es darum geht zu sagen: Ich muss damit auch Geld verdienen\u00bb, sagen die Autorinnen.&nbsp;<\/p>\n\n\n\n<h2 id=\"bislang-kein-tragfaehiges-geschaeftsmodell\"  class=\"wp-block-heading\"><strong>Bislang kein tragf\u00e4higes Gesch\u00e4ftsmodell<\/strong>&nbsp;<\/h2>\n\n\n\n<p class=\"wp-block-paragraph\">Die Mehrfachrolle hat ihren Preis. 77,2 Prozent der Befragten nennen die Finanzierung bzw. Monetarisierung als gr\u00f6sste Herausforderung. F\u00fcr manche bleibt entsprechend wenig Zeit f\u00fcr die eigentliche journalistische Arbeit. Die deutsch-t\u00fcrkische Journalistin und Unternehmerin Nalan Sipar etwa gibt im Gespr\u00e4ch mit Hasse und Alvarez-Hummel an, rund 70 Prozent ihrer Arbeitszeit f\u00fcr F\u00f6rderantr\u00e4ge, Investorengespr\u00e4che und B2B-Sales aufzuwenden. Nur 30 Prozent bleiben ihr f\u00fcr den Journalismus.&nbsp;&nbsp;<\/p>\n\n\n\n<p class=\"wp-block-paragraph\">Der Genfer Lokaljournalist Thibaud Mabut setzt auf mehrere Einnahmequellen. Rund 300 Unterst\u00fctzer:innen zahlen ihm in einem Abo-Modell im Durchschnitt zehn Franken pro Monat f\u00fcr zus\u00e4tzliche Inhalte. Davon kann er derzeit noch nicht leben. Daher unterrichtet und moderiert er zus\u00e4tzlich, gibt Workshops und arbeitet mit Sponsor:innen.&nbsp;<\/p>\n\n\n\n<p class=\"wp-block-paragraph\">Die Autorinnen sehen darin kein individuelles Problem, sondern ein strukturelles: Ein Berufsfeld, das stark von Leidenschaft und Eigeninitiative lebt, verf\u00fcgt bislang nur \u00fcber wenige tragf\u00e4hige wirtschaftliche Strukturen.&nbsp;<\/p>\n\n\n\n<h2 id=\"journalistische-standards-so-gut-wie-moeglich-erfuellen\"  class=\"wp-block-heading\"><strong>Journalistische Standards so gut wie m\u00f6glich erf\u00fcllen<\/strong>&nbsp;<\/h2>\n\n\n\n<p class=\"wp-block-paragraph\">Dass Creator-Journalismus trotzdem journalistische Standards erf\u00fcllen kann, steht f\u00fcr die Autorinnen ausser Frage. \u00abFast 95 Prozent der Befragten geben an, sich an journalistische Standards zu halten\u00bb, sagen sie. Dazu geh\u00f6ren unter anderem Quellenpr\u00fcfung, das Mehrquellenprinzip, eine transparente Korrekturpraxis und Offenheit \u00fcber Finanzierungen.<\/p>\n\n\n\n<p class=\"wp-block-paragraph\">Rund die H\u00e4lfte dieser 95 Prozent machen dies \u00abkonsequent\u00bb und die andere H\u00e4lfte \u00abso gut wie m\u00f6glich\u00bb. Die Autorinnen sehen darin vor allem eine Folge der begrenzten Ressourcen. \u00abAls Creator-Journalist:in ist man h\u00e4ufig Einzelk\u00e4mpfer:in. Diese Zahlen zeigen vor allem: Sie arbeiten nach denselben Werten wie klassische Redaktionen, bloss ohne deren Ressourcen oder ohne deren Infrastruktur\u00bb, sagen Hasse und Alvarez-Hummel.&nbsp;<\/p>\n\n\n\n<h2 id=\"ueber-70-prozent-fuehlen-sich-von-medienhaeusern-nicht-ernst-genommen\"  class=\"wp-block-heading\"><strong>\u00dcber 70 Prozent f\u00fchlen sich von Medienh\u00e4usern nicht ernst genommen<\/strong><\/h2>\n\n\n\n<p class=\"wp-block-paragraph\">Die Frage nach der Unabh\u00e4ngigkeit stellt sich auch bei Kooperationen mit klassischen Medienh\u00e4usern. Laut Report k\u00f6nnen sich viele Creator-Journalist:innen eine Zusammenarbeit vorstellen. Gleichzeitig f\u00fchlen sich \u00fcber 70 Prozent gar nicht oder nur teilweise von Medienh\u00e4usern ernst genommen.&nbsp;Dabei werden Creators f\u00fcr den Nachrichtenkonsum immer wichtiger. Dieser verschiebt sich zunehmend auf soziale Medien und Videoplattformen. Laut dem <a href=\"https:\/\/reutersinstitute.politics.ox.ac.uk\/sites\/default\/files\/2026-06\/DNR%202026%20FINAL_2.pdf\" target=\"_blank\" rel=\"noreferrer noopener nofollow\">Reuters Digital News Report<\/a> beziehen mittlerweile mehr als ein Viertel der Konsument:innen ihre Nachrichten von Creators.&nbsp;<\/p>\n\n\n\n<p class=\"wp-block-paragraph\">Bei m\u00f6glichen Kooperationen legen viele Medienh\u00e4user Wert auf die Trennung von journalistischen und wirtschaftlichen Interessen. Gleichzeitig finanzieren sich auch klassische Medien zu einem grossen Teil \u00fcber Werbung. F\u00fcr Hasse und Alvarez-Hummel liegt darin ein Widerspruch: \u00abMedienh\u00e4user nehmen Creators als Journalist:innen wenig ernst, werfen ihnen unter Umst\u00e4nden gar vor, dass sie Werbung machen \u2013 in der Praxis nutzen die Medienh\u00e4user journalistische Creators jedoch haupts\u00e4chlich als Werbekanal\u00bb.&nbsp;&nbsp;<\/p>\n\n\n\n<p class=\"wp-block-paragraph\">Die Autorinnen glauben, eine Zusammenarbeit ist m\u00f6glich. Entscheidend seien klare vertragliche Richtlinien f\u00fcr beide Seiten. Medienh\u00e4user m\u00fcssten pr\u00fcfen, ob ein Creator zum eigenen Profil passe, w\u00e4hrend Creator-Journalist:innen klar machen m\u00fcssten, dass sie Geld zum \u00dcberleben brauchen. \u00abAm Ende muss man sich auf Augenh\u00f6he begegnen und L\u00f6sungen finden, die f\u00fcr beide fair sind\u00bb, so die Autorinnen.&nbsp;<\/p>\n\n\n\n<h2 id=\"funders-koennen-strukturen-und-netzwerke-schaffen\"  class=\"wp-block-heading\"><strong>Funders k\u00f6nnen Strukturen und Netzwerke schaffen<\/strong>&nbsp;<\/h2>\n\n\n\n<p class=\"wp-block-paragraph\">Der Report zeigt auch, welche Rolle die Philanthropie bei der Entwicklung des Creator-Journalismus spielen k\u00f6nnte. Hasse und Alvarez-Hummel empfehlen Funders, die wirtschaftliche Tragf\u00e4higkeit von Creator-Projekten gerade in der entscheidenden Aufbauphase zu unterst\u00fctzen. Statt Creator-Journalist:innen einzeln zu finanzieren, k\u00f6nnten F\u00f6rderorganisationen auch gemeinsame Infrastruktur schaffen und so das \u00abteure Drumherum\u00bb wie Rechtsberatung oder Marketing-Tools \u00fcbernehmen. Gleichzeitig k\u00f6nnten sie Creators st\u00e4rker miteinander vernetzen.&nbsp;<\/p>\n\n\n\n<p class=\"wp-block-paragraph\">Doch die Suche nach der passenden F\u00f6rderung auf Seiten der Creators kostet Zeit. Gerade kleine, unabh\u00e4ngige Akteur:innen m\u00fcssen sich mit unterschiedlichen F\u00f6rderlogiken, Antragsverfahren und Anforderungen auseinandersetzen. Auch deshalb finden die Autorinnen, dass es sich f\u00fcr Funders lohnt, in Netzwerke und geteilte Strukturen zu investieren: \u00abWenn alle als Einzelk\u00e4mpfer:innen arbeiten, geht viel Energie und Know-How verloren. Viele Creators h\u00e4tten bestimmt weniger administrativen Aufwand, wenn sie vom Wissen und den Erfahrungen anderer profitieren k\u00f6nnten.\u00bb&nbsp;<\/p>\n\n\n\n<p class=\"wp-block-paragraph\">Der Report macht deutlich: Creator-Journalist:innen wollen den Journalismus nicht aufgeben. Damit daraus aber ein tragf\u00e4higes Berufsfeld entstehen kann, braucht es neben Eigeninitiative auch Strukturen, die diese Form des Journalismus erm\u00f6glichen.&nbsp;<\/p>\n\n\n\n<p class=\"wp-block-paragraph\"><a href=\"https:\/\/www.thecreatorpress.org\/report-mailer\" target=\"_blank\" rel=\"noreferrer noopener nofollow\">Zum Creator-Journalismus-Report 2026<\/a><\/p>\n","protected":false},"excerpt":{"rendered":"Bild: Raphaela Pichler","protected":false},"author":49,"featured_media":20023,"comment_status":"open","ping_status":"open","sticky":false,"template":"","format":"image","meta":{"_acf_changed":false,"footnotes":""},"categories":[1171,1117],"tags":[28,344],"post_label":[1090],"class_list":["post-19999","post","type-post","status-publish","format-image","has-post-thumbnail","hentry","category-foerdern-entwickeln","category-national","tag-foerderstiftung","tag-journalismus","post_format-post-format-image","post_label-the-philanthropist"],"acf":[],"yoast_head":"<!-- This site is optimized with the Yoast SEO plugin v28.2 - https:\/\/yoast.com\/product\/yoast-seo-wordpress\/ -->\n<title>So st\u00e4rkt Philanthropie den Creator-Journalismus - Spheriq-Blog<\/title>\n<meta name=\"description\" content=\"Der neue Creator-Journalismus-Report zeigt die Herausforderungen des jungen Berufsfelds und welche Rolle Philanthropie bei seiner Entwicklung spielen kann.\" \/>\n<meta name=\"robots\" content=\"index, follow, max-snippet:-1, max-image-preview:large, max-video-preview:-1\" \/>\n<link rel=\"canonical\" href=\"https:\/\/spheriq.ch\/blog\/creator-journalismus-philanthropie\/\" \/>\n<meta property=\"og:locale\" content=\"de_DE\" \/>\n<meta property=\"og:type\" content=\"article\" \/>\n<meta property=\"og:title\" content=\"So st\u00e4rkt Philanthropie den Creator-Journalismus - Spheriq-Blog\" \/>\n<meta property=\"og:description\" content=\"Der neue Creator-Journalismus-Report zeigt die Herausforderungen des jungen Berufsfelds und welche Rolle Philanthropie bei seiner Entwicklung spielen kann.\" \/>\n<meta property=\"og:url\" content=\"https:\/\/spheriq.ch\/blog\/creator-journalismus-philanthropie\/\" \/>\n<meta property=\"og:site_name\" content=\"Spheriq-Blog\" \/>\n<meta property=\"article:published_time\" content=\"2026-08-31T12:27:18+00:00\" \/>\n<meta property=\"article:modified_time\" content=\"2026-08-31T12:41:32+00:00\" \/>\n<meta property=\"og:image\" content=\"https:\/\/spheriq.ch\/blog\/wp-content\/uploads\/2026\/08\/Creator-Journalismus-im-DACH-Raum-Report-2026-e1788176354721.jpg\" \/>\n\t<meta property=\"og:image:width\" content=\"1330\" \/>\n\t<meta property=\"og:image:height\" content=\"873\" \/>\n\t<meta property=\"og:image:type\" content=\"image\/jpeg\" \/>\n<meta name=\"author\" content=\"Olivia Sch\u00e4r\" \/>\n<meta name=\"twitter:card\" content=\"summary_large_image\" \/>\n<meta name=\"twitter:label1\" content=\"Verfasst von\" \/>\n\t<meta name=\"twitter:data1\" content=\"Olivia Sch\u00e4r\" \/>\n\t<meta name=\"twitter:label2\" content=\"Gesch\u00e4tzte Lesezeit\" \/>\n\t<meta name=\"twitter:data2\" content=\"1\u00a0Minute\" \/>\n<script type=\"application\/ld+json\" class=\"yoast-schema-graph\">{\"@context\":\"https:\\\/\\\/schema.org\",\"@graph\":[{\"@type\":\"Article\",\"@id\":\"https:\\\/\\\/spheriq.ch\\\/blog\\\/creator-journalismus-philanthropie\\\/#article\",\"isPartOf\":{\"@id\":\"https:\\\/\\\/spheriq.ch\\\/blog\\\/creator-journalismus-philanthropie\\\/\"},\"author\":{\"name\":\"Olivia Sch\u00e4r\",\"@id\":\"https:\\\/\\\/spheriq.ch\\\/blog\\\/#\\\/schema\\\/person\\\/c9c59c1a57bf7955576790d53309a5f5\"},\"headline\":\"So st\u00e4rkt Philanthropie den Creator-Journalismus\",\"datePublished\":\"2026-08-31T12:27:18+00:00\",\"dateModified\":\"2026-08-31T12:41:32+00:00\",\"mainEntityOfPage\":{\"@id\":\"https:\\\/\\\/spheriq.ch\\\/blog\\\/creator-journalismus-philanthropie\\\/\"},\"wordCount\":1006,\"commentCount\":0,\"image\":{\"@id\":\"https:\\\/\\\/spheriq.ch\\\/blog\\\/creator-journalismus-philanthropie\\\/#primaryimage\"},\"thumbnailUrl\":\"https:\\\/\\\/spheriq.ch\\\/blog\\\/wp-content\\\/uploads\\\/2026\\\/08\\\/Creator-Journalismus-im-DACH-Raum-Report-2026-e1788176354721.jpg\",\"keywords\":[\"F\u00f6rderstiftung\",\"Journalismus\"],\"articleSection\":[\"F\u00f6rdern &amp; Entwickeln\",\"National\"],\"inLanguage\":\"de\",\"potentialAction\":[{\"@type\":\"CommentAction\",\"name\":\"Comment\",\"target\":[\"https:\\\/\\\/spheriq.ch\\\/blog\\\/creator-journalismus-philanthropie\\\/#respond\"]}]},{\"@type\":\"WebPage\",\"@id\":\"https:\\\/\\\/spheriq.ch\\\/blog\\\/creator-journalismus-philanthropie\\\/\",\"url\":\"https:\\\/\\\/spheriq.ch\\\/blog\\\/creator-journalismus-philanthropie\\\/\",\"name\":\"So st\u00e4rkt Philanthropie den Creator-Journalismus - Spheriq-Blog\",\"isPartOf\":{\"@id\":\"https:\\\/\\\/spheriq.ch\\\/blog\\\/#website\"},\"primaryImageOfPage\":{\"@id\":\"https:\\\/\\\/spheriq.ch\\\/blog\\\/creator-journalismus-philanthropie\\\/#primaryimage\"},\"image\":{\"@id\":\"https:\\\/\\\/spheriq.ch\\\/blog\\\/creator-journalismus-philanthropie\\\/#primaryimage\"},\"thumbnailUrl\":\"https:\\\/\\\/spheriq.ch\\\/blog\\\/wp-content\\\/uploads\\\/2026\\\/08\\\/Creator-Journalismus-im-DACH-Raum-Report-2026-e1788176354721.jpg\",\"datePublished\":\"2026-08-31T12:27:18+00:00\",\"dateModified\":\"2026-08-31T12:41:32+00:00\",\"author\":{\"@id\":\"https:\\\/\\\/spheriq.ch\\\/blog\\\/#\\\/schema\\\/person\\\/c9c59c1a57bf7955576790d53309a5f5\"},\"description\":\"Der neue Creator-Journalismus-Report zeigt die Herausforderungen des jungen Berufsfelds und welche Rolle Philanthropie bei seiner Entwicklung spielen kann.\",\"breadcrumb\":{\"@id\":\"https:\\\/\\\/spheriq.ch\\\/blog\\\/creator-journalismus-philanthropie\\\/#breadcrumb\"},\"inLanguage\":\"de\",\"potentialAction\":[{\"@type\":\"ReadAction\",\"target\":[\"https:\\\/\\\/spheriq.ch\\\/blog\\\/creator-journalismus-philanthropie\\\/\"]}]},{\"@type\":\"ImageObject\",\"inLanguage\":\"de\",\"@id\":\"https:\\\/\\\/spheriq.ch\\\/blog\\\/creator-journalismus-philanthropie\\\/#primaryimage\",\"url\":\"https:\\\/\\\/spheriq.ch\\\/blog\\\/wp-content\\\/uploads\\\/2026\\\/08\\\/Creator-Journalismus-im-DACH-Raum-Report-2026-e1788176354721.jpg\",\"contentUrl\":\"https:\\\/\\\/spheriq.ch\\\/blog\\\/wp-content\\\/uploads\\\/2026\\\/08\\\/Creator-Journalismus-im-DACH-Raum-Report-2026-e1788176354721.jpg\",\"width\":1330,\"height\":873,\"caption\":\"Bild: Raphaela Pichler\"},{\"@type\":\"BreadcrumbList\",\"@id\":\"https:\\\/\\\/spheriq.ch\\\/blog\\\/creator-journalismus-philanthropie\\\/#breadcrumb\",\"itemListElement\":[{\"@type\":\"ListItem\",\"position\":1,\"name\":\"Home\",\"item\":\"https:\\\/\\\/spheriq.ch\\\/blog\\\/\"},{\"@type\":\"ListItem\",\"position\":2,\"name\":\"So st\u00e4rkt Philanthropie den Creator-Journalismus\"}]},{\"@type\":\"WebSite\",\"@id\":\"https:\\\/\\\/spheriq.ch\\\/blog\\\/#website\",\"url\":\"https:\\\/\\\/spheriq.ch\\\/blog\\\/\",\"name\":\"Spheriq-Blog\",\"description\":\"Der Blog f\u00fcr Fundraiser, Stiftungsverwalter, Stiftungsr\u00e4te und alle, die sich f\u00fcr Fragen und Themen rund um den gemeinn\u00fctzigen Sektor interessieren.\",\"potentialAction\":[{\"@type\":\"SearchAction\",\"target\":{\"@type\":\"EntryPoint\",\"urlTemplate\":\"https:\\\/\\\/spheriq.ch\\\/blog\\\/?s={search_term_string}\"},\"query-input\":{\"@type\":\"PropertyValueSpecification\",\"valueRequired\":true,\"valueName\":\"search_term_string\"}}],\"inLanguage\":\"de\"},{\"@type\":\"Person\",\"@id\":\"https:\\\/\\\/spheriq.ch\\\/blog\\\/#\\\/schema\\\/person\\\/c9c59c1a57bf7955576790d53309a5f5\",\"name\":\"Olivia Sch\u00e4r\",\"image\":{\"@type\":\"ImageObject\",\"inLanguage\":\"de\",\"@id\":\"https:\\\/\\\/secure.gravatar.com\\\/avatar\\\/0269d2be5c35a6cb88e6f28c5735ebe96a575710e55c0bd0978acad357953ffe?s=96&d=mm&r=g\",\"url\":\"https:\\\/\\\/secure.gravatar.com\\\/avatar\\\/0269d2be5c35a6cb88e6f28c5735ebe96a575710e55c0bd0978acad357953ffe?s=96&d=mm&r=g\",\"contentUrl\":\"https:\\\/\\\/secure.gravatar.com\\\/avatar\\\/0269d2be5c35a6cb88e6f28c5735ebe96a575710e55c0bd0978acad357953ffe?s=96&d=mm&r=g\",\"caption\":\"Olivia Sch\u00e4r\"},\"description\":\"Olivia Sch\u00e4r has a Bachelor\u2019s degree in English and Art History and a Master\u2019s degree in Sociolinguistics. She gained her first experience in foundation work as a research assistant at the University of Bern. For several years she worked as a content manager and copywriter before completing her journalistic training at SRF and CH Media. Today, she works in content and digital marketing at Spheriq.\",\"url\":\"https:\\\/\\\/spheriq.ch\\\/blog\\\/author\\\/olivia-schaer\\\/\"}]}<\/script>\n<!-- \/ Yoast SEO plugin. -->","yoast_head_json":{"title":"So st\u00e4rkt Philanthropie den Creator-Journalismus - Spheriq-Blog","description":"Der neue Creator-Journalismus-Report zeigt die Herausforderungen des jungen Berufsfelds und welche Rolle Philanthropie bei seiner Entwicklung spielen kann.","robots":{"index":"index","follow":"follow","max-snippet":"max-snippet:-1","max-image-preview":"max-image-preview:large","max-video-preview":"max-video-preview:-1"},"canonical":"https:\/\/spheriq.ch\/blog\/creator-journalismus-philanthropie\/","og_locale":"de_DE","og_type":"article","og_title":"So st\u00e4rkt Philanthropie den Creator-Journalismus - Spheriq-Blog","og_description":"Der neue Creator-Journalismus-Report zeigt die Herausforderungen des jungen Berufsfelds und welche Rolle Philanthropie bei seiner Entwicklung spielen kann.","og_url":"https:\/\/spheriq.ch\/blog\/creator-journalismus-philanthropie\/","og_site_name":"Spheriq-Blog","article_published_time":"2026-08-31T12:27:18+00:00","article_modified_time":"2026-08-31T12:41:32+00:00","og_image":[{"width":1330,"height":873,"url":"https:\/\/spheriq.ch\/blog\/wp-content\/uploads\/2026\/08\/Creator-Journalismus-im-DACH-Raum-Report-2026-e1788176354721.jpg","type":"image\/jpeg"}],"author":"Olivia Sch\u00e4r","twitter_card":"summary_large_image","twitter_misc":{"Verfasst von":"Olivia Sch\u00e4r","Gesch\u00e4tzte Lesezeit":"1\u00a0Minute"},"schema":{"@context":"https:\/\/schema.org","@graph":[{"@type":"Article","@id":"https:\/\/spheriq.ch\/blog\/creator-journalismus-philanthropie\/#article","isPartOf":{"@id":"https:\/\/spheriq.ch\/blog\/creator-journalismus-philanthropie\/"},"author":{"name":"Olivia Sch\u00e4r","@id":"https:\/\/spheriq.ch\/blog\/#\/schema\/person\/c9c59c1a57bf7955576790d53309a5f5"},"headline":"So st\u00e4rkt Philanthropie den Creator-Journalismus","datePublished":"2026-08-31T12:27:18+00:00","dateModified":"2026-08-31T12:41:32+00:00","mainEntityOfPage":{"@id":"https:\/\/spheriq.ch\/blog\/creator-journalismus-philanthropie\/"},"wordCount":1006,"commentCount":0,"image":{"@id":"https:\/\/spheriq.ch\/blog\/creator-journalismus-philanthropie\/#primaryimage"},"thumbnailUrl":"https:\/\/spheriq.ch\/blog\/wp-content\/uploads\/2026\/08\/Creator-Journalismus-im-DACH-Raum-Report-2026-e1788176354721.jpg","keywords":["F\u00f6rderstiftung","Journalismus"],"articleSection":["F\u00f6rdern &amp; Entwickeln","National"],"inLanguage":"de","potentialAction":[{"@type":"CommentAction","name":"Comment","target":["https:\/\/spheriq.ch\/blog\/creator-journalismus-philanthropie\/#respond"]}]},{"@type":"WebPage","@id":"https:\/\/spheriq.ch\/blog\/creator-journalismus-philanthropie\/","url":"https:\/\/spheriq.ch\/blog\/creator-journalismus-philanthropie\/","name":"So st\u00e4rkt Philanthropie den Creator-Journalismus - Spheriq-Blog","isPartOf":{"@id":"https:\/\/spheriq.ch\/blog\/#website"},"primaryImageOfPage":{"@id":"https:\/\/spheriq.ch\/blog\/creator-journalismus-philanthropie\/#primaryimage"},"image":{"@id":"https:\/\/spheriq.ch\/blog\/creator-journalismus-philanthropie\/#primaryimage"},"thumbnailUrl":"https:\/\/spheriq.ch\/blog\/wp-content\/uploads\/2026\/08\/Creator-Journalismus-im-DACH-Raum-Report-2026-e1788176354721.jpg","datePublished":"2026-08-31T12:27:18+00:00","dateModified":"2026-08-31T12:41:32+00:00","author":{"@id":"https:\/\/spheriq.ch\/blog\/#\/schema\/person\/c9c59c1a57bf7955576790d53309a5f5"},"description":"Der neue Creator-Journalismus-Report zeigt die Herausforderungen des jungen Berufsfelds und welche Rolle Philanthropie bei seiner Entwicklung spielen kann.","breadcrumb":{"@id":"https:\/\/spheriq.ch\/blog\/creator-journalismus-philanthropie\/#breadcrumb"},"inLanguage":"de","potentialAction":[{"@type":"ReadAction","target":["https:\/\/spheriq.ch\/blog\/creator-journalismus-philanthropie\/"]}]},{"@type":"ImageObject","inLanguage":"de","@id":"https:\/\/spheriq.ch\/blog\/creator-journalismus-philanthropie\/#primaryimage","url":"https:\/\/spheriq.ch\/blog\/wp-content\/uploads\/2026\/08\/Creator-Journalismus-im-DACH-Raum-Report-2026-e1788176354721.jpg","contentUrl":"https:\/\/spheriq.ch\/blog\/wp-content\/uploads\/2026\/08\/Creator-Journalismus-im-DACH-Raum-Report-2026-e1788176354721.jpg","width":1330,"height":873,"caption":"Bild: Raphaela Pichler"},{"@type":"BreadcrumbList","@id":"https:\/\/spheriq.ch\/blog\/creator-journalismus-philanthropie\/#breadcrumb","itemListElement":[{"@type":"ListItem","position":1,"name":"Home","item":"https:\/\/spheriq.ch\/blog\/"},{"@type":"ListItem","position":2,"name":"So st\u00e4rkt Philanthropie den Creator-Journalismus"}]},{"@type":"WebSite","@id":"https:\/\/spheriq.ch\/blog\/#website","url":"https:\/\/spheriq.ch\/blog\/","name":"Spheriq-Blog","description":"Der Blog f\u00fcr Fundraiser, Stiftungsverwalter, Stiftungsr\u00e4te und alle, die sich f\u00fcr Fragen und Themen rund um den gemeinn\u00fctzigen Sektor interessieren.","potentialAction":[{"@type":"SearchAction","target":{"@type":"EntryPoint","urlTemplate":"https:\/\/spheriq.ch\/blog\/?s={search_term_string}"},"query-input":{"@type":"PropertyValueSpecification","valueRequired":true,"valueName":"search_term_string"}}],"inLanguage":"de"},{"@type":"Person","@id":"https:\/\/spheriq.ch\/blog\/#\/schema\/person\/c9c59c1a57bf7955576790d53309a5f5","name":"Olivia Sch\u00e4r","image":{"@type":"ImageObject","inLanguage":"de","@id":"https:\/\/secure.gravatar.com\/avatar\/0269d2be5c35a6cb88e6f28c5735ebe96a575710e55c0bd0978acad357953ffe?s=96&d=mm&r=g","url":"https:\/\/secure.gravatar.com\/avatar\/0269d2be5c35a6cb88e6f28c5735ebe96a575710e55c0bd0978acad357953ffe?s=96&d=mm&r=g","contentUrl":"https:\/\/secure.gravatar.com\/avatar\/0269d2be5c35a6cb88e6f28c5735ebe96a575710e55c0bd0978acad357953ffe?s=96&d=mm&r=g","caption":"Olivia Sch\u00e4r"},"description":"Olivia Sch\u00e4r has a Bachelor\u2019s degree in English and Art History and a Master\u2019s degree in Sociolinguistics. She gained her first experience in foundation work as a research assistant at the University of Bern. For several years she worked as a content manager and copywriter before completing her journalistic training at SRF and CH Media. Today, she works in content and digital marketing at Spheriq.","url":"https:\/\/spheriq.ch\/blog\/author\/olivia-schaer\/"}]}},"_links":{"self":[{"href":"https:\/\/spheriq.ch\/blog\/wp-json\/wp\/v2\/posts\/19999","targetHints":{"allow":["GET"]}}],"collection":[{"href":"https:\/\/spheriq.ch\/blog\/wp-json\/wp\/v2\/posts"}],"about":[{"href":"https:\/\/spheriq.ch\/blog\/wp-json\/wp\/v2\/types\/post"}],"author":[{"embeddable":true,"href":"https:\/\/spheriq.ch\/blog\/wp-json\/wp\/v2\/users\/49"}],"replies":[{"embeddable":true,"href":"https:\/\/spheriq.ch\/blog\/wp-json\/wp\/v2\/comments?post=19999"}],"version-history":[{"count":14,"href":"https:\/\/spheriq.ch\/blog\/wp-json\/wp\/v2\/posts\/19999\/revisions"}],"predecessor-version":[{"id":20066,"href":"https:\/\/spheriq.ch\/blog\/wp-json\/wp\/v2\/posts\/19999\/revisions\/20066"}],"wp:featuredmedia":[{"embeddable":true,"href":"https:\/\/spheriq.ch\/blog\/wp-json\/wp\/v2\/media\/20023"}],"wp:attachment":[{"href":"https:\/\/spheriq.ch\/blog\/wp-json\/wp\/v2\/media?parent=19999"}],"wp:term":[{"taxonomy":"category","embeddable":true,"href":"https:\/\/spheriq.ch\/blog\/wp-json\/wp\/v2\/categories?post=19999"},{"taxonomy":"post_tag","embeddable":true,"href":"https:\/\/spheriq.ch\/blog\/wp-json\/wp\/v2\/tags?post=19999"},{"taxonomy":"post_label","embeddable":true,"href":"https:\/\/spheriq.ch\/blog\/wp-json\/wp\/v2\/post_label?post=19999"}],"curies":[{"name":"wp","href":"https:\/\/api.w.org\/{rel}","templated":true}]}}