{"id":19965,"date":"2026-08-30T19:12:16","date_gmt":"2026-08-30T17:12:16","guid":{"rendered":"https:\/\/spheriq.ch\/blog\/?p=19965"},"modified":"2026-08-30T19:12:18","modified_gmt":"2026-08-30T17:12:18","slug":"vertrauen-ist-gut-mut-ist-besser","status":"publish","type":"post","link":"https:\/\/spheriq.ch\/blog\/vertrauen-ist-gut-mut-ist-besser\/","title":{"rendered":"Vertrauen ist gut, Mut ist besser"},"content":{"rendered":"\n<p class=\"is-style-lead wp-block-paragraph\">Vertrauen und Mut: Zwei Dinge, die es f\u00fcr erfolgreiche Partnerschaften auf Augenh\u00f6he braucht. Beim 15. Basler Stiftungstag herrschte allgemeiner Konsens, dass Vertrauen zentral ist f\u00fcr eine erfolgreiche Partnerschaft. Unterschiede zeigten sich bei der konkreten Umsetzung.<\/p>\n\n\n\n<p class=\"wp-block-paragraph\">Das Stiftungswesen bestehe fast nur aus Vertrauen. Mit dieser Aussage nahm Conradin Cramer, Basler Regierungspr\u00e4sident, in seinem Grusswort das Thema auf, das an diesem Tag immer wieder genannt wurde. Vertrauen. Stiften bedeute immer auch eine Wette auf die Zukunft, was kommende Generationen aus einer Idee machen, die heute jemand auf den Weg bringt. Daf\u00fcr brauche es Mut, etwas umzusetzen, und Vertrauen darauf, dass die Destinat\u00e4r:innen mit den Mitteln das Richtige tun. Vertrauen brauche es aber auch in den Staat und seine Rahmenbedingungen, sagte Cramer. Die Voraussetzungen daf\u00fcr seien in der Schweiz und insbesondere in Basel gut. Der Austausch zwischen Stiftungssektor und Beh\u00f6rden funktioniere. Und als kleine Stadt habe Basel einen weiteren Vorteil. Man kennt sich. Am Ende sei das Zwischenmenschliche entscheidend.<\/p>\n\n\n\n<h2 id=\"was-kuenstliche-intelligenz-nicht-kann\"  class=\"wp-block-heading\">Was K\u00fcnstliche Intelligenz nicht kann<\/h2>\n\n\n\n<p class=\"wp-block-paragraph\">Dass dieser Faktor im Stiftungswesen weit mehr ist als eine Frage des Netzwerkens, wurde im Verlauf des Stiftungstages immer wieder deutlich. Gerade in einer Zeit, in der K\u00fcnstliche Intelligenz F\u00f6rderantr\u00e4ge und Zwischenberichte formulieren kann, gewinnt der pers\u00f6nliche Austausch an Bedeutung. Die Louise Aubry-Kappeler-Stiftung setzt deshalb bewusst auf Pers\u00f6nliches, wie Stiftungsratspr\u00e4sident Thomas Gander ausf\u00fchrte. Von den Gesuchstellenden verlangt die Stiftung selbstgedrehte, nicht professionelle Videos. Reportings finden im pers\u00f6nlichen Gespr\u00e4ch statt. Vertrauen entsteht nicht allein auf Papier. Dazu geh\u00f6rt f\u00fcr Gander auch ein F\u00f6rderverst\u00e4ndnis, dass nicht auf Projekte fokussiert. Er pl\u00e4dierte f\u00fcr mehr ungebundene Mittel und eine Abkehr von der projektbezogenen F\u00f6rderung. Diese verschaffe Stiftungen zwar die M\u00f6glichkeit, konkrete Reportings einzufordern. Gleichzeitig zwinge sie Organisationen dazu, Projekte zu konstruieren, um \u00fcberhaupt eine Chance auf F\u00f6rdermittel zu haben. <\/p>\n\n\n\n<p class=\"wp-block-paragraph\">Auch Patricia von Falkenstein, Stiftungsr\u00e4tin der Stiftung Martinskirche, stellte die gemeinsame Wirkung ins Zentrum. Die Stiftung k\u00f6nne ihr Ziel allein gar nicht erreichen. Das sei auch nicht der Sinn. Die Wirkung der Martinskirche entstehe erst durch die Kulturschaffenden, die dort ihre Werke zeigten. Eine gute F\u00f6rderpartnerschaft beginnt mit einer einfachen Frage: Was wollen wir gemeinsam erreichen? Wie wichtig pers\u00f6nliche Beziehungen gerade in der Kulturf\u00f6rderung sind, schilderte Raphael Suter, Direktor der Kulturstiftung Basel H. Geiger. Das direkte Treffen mit K\u00fcnstler:innen ist f\u00fcr ihn zentral. Und manchmal werde eine Partnerschaft direkt per Handschlag besiegelt, f\u00fchrte er aus.<\/p>\n\n\n\n<h2 id=\"augenhoehe-ist-nicht-immer-symmetrisch\"  class=\"wp-block-heading\">Augenh\u00f6he ist nicht immer symmetrisch<\/h2>\n\n\n\n<p class=\"wp-block-paragraph\">Gerade bei kulturellen F\u00f6rderpartnerschaften zeigte sich das Spannungsfeld der Partnerschaften: Die Partner sind voneinander abh\u00e4ngig, wenn auch nicht auf die gleiche Weise. F\u00f6rderpartnerschaften sind strukturell asymmetrisch, betonte Simone Staehelin, Leiterin Public Affairs &amp; VIP-Relations des Sinfonieorchesters Basel. Die finanzielle Abh\u00e4ngigkeit sei real. Gleichzeitig seien F\u00f6rderorganisationen auf jene Institutionen angewiesen, die ihre Projekte \u00fcberhaupt umsetzen k\u00f6nnen. Eine Stiftung kann nicht selbst ein Konzert veranstalten. Augenh\u00f6he ist f\u00fcr sie deshalb nicht zwingend das Wichtigste. Es gehe um Vertrauen, so Staehelin. Daf\u00fcr brauche es mehr Mut: mehr Konzentration auf gemeinsame Werte und gesellschaftliche Wirkung.<\/p>\n\n\n\n<h2 id=\"neue-perspektiven-zulassen\"  class=\"wp-block-heading\">Neue Perspektiven zulassen<\/h2>\n\n\n\n<p class=\"wp-block-paragraph\">Auch Annette Graul, Gesch\u00e4ftsf\u00fchrerin der Palatin Stiftung, hob ihre Dankbarkeit als F\u00f6rderstiftung f\u00fcr jedes gute Gesuch hervor. Denn sie seien darauf angewiesen, dass gute Projekte an sie herangetragen w\u00fcrden. Ein Telefongespr\u00e4ch zu Beginn kann helfen, Chancen richtig einzusch\u00e4tzen und eine wichtige Grundlage liefern. Die Stiftung sucht zudem nicht prim\u00e4r fertige Projekte. Vielmehr interessiert die Stiftung, was sich gemeinsam entwickeln l\u00e4sst. Entscheidend ist dabei eine realistische Einsch\u00e4tzung der eigenen Ressourcen. Denn die Stiftung braucht Partner, die ein Vorhaben auch langfristig umsetzen k\u00f6nnen.<\/p>\n\n\n\n<figure class=\"wp-block-gallery has-nested-images columns-default is-cropped wp-block-gallery-1 is-layout-flex wp-block-gallery-is-layout-flex\">\n<figure class=\"wp-block-image size-large card-img-center\"><img loading=\"lazy\" decoding=\"async\" width=\"1024\" height=\"576\" data-id=\"19966\" src=\"https:\/\/spheriq.ch\/blog\/wp-content\/uploads\/2026\/08\/16_Podium_15.Stiftungstag_PLD_4544-Kopie-2-1024x576.jpg\" alt=\"\" class=\"wp-image-19966\" srcset=\"https:\/\/spheriq.ch\/blog\/wp-content\/uploads\/2026\/08\/16_Podium_15.Stiftungstag_PLD_4544-Kopie-2-1024x576.jpg 1024w, https:\/\/spheriq.ch\/blog\/wp-content\/uploads\/2026\/08\/16_Podium_15.Stiftungstag_PLD_4544-Kopie-2-300x169.jpg 300w, https:\/\/spheriq.ch\/blog\/wp-content\/uploads\/2026\/08\/16_Podium_15.Stiftungstag_PLD_4544-Kopie-2-768x432.jpg 768w, https:\/\/spheriq.ch\/blog\/wp-content\/uploads\/2026\/08\/16_Podium_15.Stiftungstag_PLD_4544-Kopie-2.jpg 1200w\" sizes=\"auto, (max-width: 1024px) 100vw, 1024px\" \/><figcaption class=\"wp-element-caption\">Diskussion \u00fcber die Kulturf\u00f6rderung, Foto: Dominik Pl\u00fcss<\/figcaption><\/figure>\n\n\n\n<figure class=\"wp-block-image size-large card-img-center\"><img loading=\"lazy\" decoding=\"async\" width=\"1024\" height=\"576\" data-id=\"19969\" src=\"https:\/\/spheriq.ch\/blog\/wp-content\/uploads\/2026\/08\/15_Kurzinputs_SliDo-Fragen_15.Stiftungstag_PLD_4502-Kopie-2-1024x576.jpg\" alt=\"\" class=\"wp-image-19969\" srcset=\"https:\/\/spheriq.ch\/blog\/wp-content\/uploads\/2026\/08\/15_Kurzinputs_SliDo-Fragen_15.Stiftungstag_PLD_4502-Kopie-2-1024x576.jpg 1024w, https:\/\/spheriq.ch\/blog\/wp-content\/uploads\/2026\/08\/15_Kurzinputs_SliDo-Fragen_15.Stiftungstag_PLD_4502-Kopie-2-300x169.jpg 300w, https:\/\/spheriq.ch\/blog\/wp-content\/uploads\/2026\/08\/15_Kurzinputs_SliDo-Fragen_15.Stiftungstag_PLD_4502-Kopie-2-768x432.jpg 768w, https:\/\/spheriq.ch\/blog\/wp-content\/uploads\/2026\/08\/15_Kurzinputs_SliDo-Fragen_15.Stiftungstag_PLD_4502-Kopie-2.jpg 1200w\" sizes=\"auto, (max-width: 1024px) 100vw, 1024px\" \/><figcaption class=\"wp-element-caption\">Podium zu erfolgreichen Partnerschaften, Foto: Dominik Pl\u00fcss<\/figcaption><\/figure>\n\n\n\n<figure class=\"wp-block-image size-large card-img-center\"><img loading=\"lazy\" decoding=\"async\" width=\"1024\" height=\"576\" data-id=\"19972\" src=\"https:\/\/spheriq.ch\/blog\/wp-content\/uploads\/2026\/08\/13_Pirolo-Quartett_15.Stiftungstag_PLD_4312-Kopie-2-1024x576.jpg\" alt=\"\" class=\"wp-image-19972\" srcset=\"https:\/\/spheriq.ch\/blog\/wp-content\/uploads\/2026\/08\/13_Pirolo-Quartett_15.Stiftungstag_PLD_4312-Kopie-2-1024x576.jpg 1024w, https:\/\/spheriq.ch\/blog\/wp-content\/uploads\/2026\/08\/13_Pirolo-Quartett_15.Stiftungstag_PLD_4312-Kopie-2-300x169.jpg 300w, https:\/\/spheriq.ch\/blog\/wp-content\/uploads\/2026\/08\/13_Pirolo-Quartett_15.Stiftungstag_PLD_4312-Kopie-2-768x432.jpg 768w, https:\/\/spheriq.ch\/blog\/wp-content\/uploads\/2026\/08\/13_Pirolo-Quartett_15.Stiftungstag_PLD_4312-Kopie-2.jpg 1200w\" sizes=\"auto, (max-width: 1024px) 100vw, 1024px\" \/><figcaption class=\"wp-element-caption\">Musikalisches Rahmenprogramm mit dem Quartet Pirolo, Foto Dominik Pl\u00fcss<\/figcaption><\/figure>\n\n\n\n<figure class=\"wp-block-image size-large card-img-center\"><img loading=\"lazy\" decoding=\"async\" width=\"1024\" height=\"576\" data-id=\"19978\" src=\"https:\/\/spheriq.ch\/blog\/wp-content\/uploads\/2026\/08\/09_Pitches_15.Stiftungstag_PLD_3693-Kopie-2-1024x576.jpg\" alt=\"\" class=\"wp-image-19978\" srcset=\"https:\/\/spheriq.ch\/blog\/wp-content\/uploads\/2026\/08\/09_Pitches_15.Stiftungstag_PLD_3693-Kopie-2-1024x576.jpg 1024w, https:\/\/spheriq.ch\/blog\/wp-content\/uploads\/2026\/08\/09_Pitches_15.Stiftungstag_PLD_3693-Kopie-2-300x169.jpg 300w, https:\/\/spheriq.ch\/blog\/wp-content\/uploads\/2026\/08\/09_Pitches_15.Stiftungstag_PLD_3693-Kopie-2-768x432.jpg 768w, https:\/\/spheriq.ch\/blog\/wp-content\/uploads\/2026\/08\/09_Pitches_15.Stiftungstag_PLD_3693-Kopie-2.jpg 1200w\" sizes=\"auto, (max-width: 1024px) 100vw, 1024px\" \/><figcaption class=\"wp-element-caption\">Zehn Stiftungen stellen sich vor, Foto: Dominik Pl\u00fcss<\/figcaption><\/figure>\n\n\n\n<figure class=\"wp-block-image size-large card-img-center\"><img loading=\"lazy\" decoding=\"async\" width=\"1200\" height=\"675\" data-id=\"19984\" src=\"https:\/\/spheriq.ch\/blog\/wp-content\/uploads\/2026\/08\/07_Lukas-Kundert_15.Stiftungstag_PLD_3550-Kopie-2.jpg\" alt=\"\" class=\"wp-image-19984\" srcset=\"https:\/\/spheriq.ch\/blog\/wp-content\/uploads\/2026\/08\/07_Lukas-Kundert_15.Stiftungstag_PLD_3550-Kopie-2.jpg 1200w, https:\/\/spheriq.ch\/blog\/wp-content\/uploads\/2026\/08\/07_Lukas-Kundert_15.Stiftungstag_PLD_3550-Kopie-2-300x169.jpg 300w, https:\/\/spheriq.ch\/blog\/wp-content\/uploads\/2026\/08\/07_Lukas-Kundert_15.Stiftungstag_PLD_3550-Kopie-2-768x432.jpg 768w, https:\/\/spheriq.ch\/blog\/wp-content\/uploads\/2026\/08\/07_Lukas-Kundert_15.Stiftungstag_PLD_3550-Kopie-2-1024x576.jpg 1024w\" sizes=\"auto, (max-width: 1200px) 100vw, 1200px\" \/><figcaption class=\"wp-element-caption\">Lukas Kundert, Kirchenratspr\u00e4sident der Evangelisch-reformierten Kirche Basel-Stadt, Foto: Dominik Pl\u00fcss<\/figcaption><\/figure>\n\n\n\n<figure class=\"wp-block-image size-large card-img-center\"><img loading=\"lazy\" decoding=\"async\" width=\"1200\" height=\"675\" data-id=\"19987\" src=\"https:\/\/spheriq.ch\/blog\/wp-content\/uploads\/2026\/08\/06_Monika-Wirth_15.Stiftungstag_PLD_3527-Kopie-2.jpg\" alt=\"\" class=\"wp-image-19987\" srcset=\"https:\/\/spheriq.ch\/blog\/wp-content\/uploads\/2026\/08\/06_Monika-Wirth_15.Stiftungstag_PLD_3527-Kopie-2.jpg 1200w, https:\/\/spheriq.ch\/blog\/wp-content\/uploads\/2026\/08\/06_Monika-Wirth_15.Stiftungstag_PLD_3527-Kopie-2-300x169.jpg 300w, https:\/\/spheriq.ch\/blog\/wp-content\/uploads\/2026\/08\/06_Monika-Wirth_15.Stiftungstag_PLD_3527-Kopie-2-768x432.jpg 768w, https:\/\/spheriq.ch\/blog\/wp-content\/uploads\/2026\/08\/06_Monika-Wirth_15.Stiftungstag_PLD_3527-Kopie-2-1024x576.jpg 1024w\" sizes=\"auto, (max-width: 1200px) 100vw, 1200px\" \/><figcaption class=\"wp-element-caption\">Vizepr\u00e4sidentin der Stiftungsstadt Basel Monika Wirth, Foto: Dominik Pl\u00fcss<\/figcaption><\/figure>\n<\/figure>\n\n\n\n<p class=\"wp-block-paragraph\">Eine weitere Perspektive brachte Marco Vencato, stellvertretender Direktor der Gebert R\u00fcf Stiftung, ein. Er richtete den Blick auf Kooperationen zwischen mehreren F\u00f6rderstiftungen. Als Beispiel nannte er den Innovationsfonds f\u00fcr multimedialen Journalismus, in dem verschiedene Stiftungen gemeinsam neue journalistische Formate f\u00f6rdern. Damit eine solche Allianz funktioniere, brauche es ein gemeinsames F\u00f6rderziel, komplement\u00e4re Beitr\u00e4ge und eine klare Rollenverteilung. Partnerschaft bedeute also nicht, alles gemeinsam zu machen. Auch unter mehreren F\u00f6rderorganisationen braucht es Vertrauen.<\/p>\n\n\n\n<p class=\"wp-block-paragraph\">Wie wichtig neue Perspektiven und eine \u00d6ffnung des Blicks sind, zeigte bereits der erste Beitrag des Stiftungstages. Gastgeber Lukas Kundert, Kirchenratspr\u00e4sident der Evangelisch-reformierten Kirche Basel-Stadt, erz\u00e4hlte vom finanziellen und strategischen Turnaround der Kirche. Wegen weniger Kirchensteuereinnahmen aufgrund sinkender Mitgliederzahlen wollen sie nicht einfach Leistungen abbauen. Stattdessen wurden neue Finanzierungsquellen erschlossen und die eigenen Zielgruppen kritisch hinterfragt. Dabei zeigte sich: Die Kirche hatte lange nur einen vergleichsweise kleinen Teil jener Menschen erreicht, f\u00fcr die sie eigentlich da sein wollte.<\/p>\n\n\n\n<h2 id=\"die-ganze-vielfalt-in-wenigen-minuten\"  class=\"wp-block-heading\">Die ganze Vielfalt in wenigen Minuten<\/h2>\n\n\n\n<p class=\"wp-block-paragraph\">Rund 360 Vertreterinnen und Vertreter der Stiftungswelt kamen im Zentrum Johannes zusammen. Die Nachfrage war noch gr\u00f6sser. Einigen Interessen:innen musste abgesagt werden wegen der Kapazit\u00e4t der Lokalit\u00e4t. Den Tag er\u00f6ffnete die Vizepr\u00e4sidentin der Stiftungsstadt Basel Monika Wirth. Sie \u00fcbernahm die Begr\u00fcssung der G\u00e4ste. Daf\u00fcr \u00fcbernahm David Jenny, der neu Pr\u00e4sident der Stiftungsstadt Basel ist, den Abschluss. Wie jedes Jahr fasste er in seinem bekannten Stil die Veranstaltung pointiert zusammen. Genauso traditionell wie das Schlusswort ist das Speeddating. Zehn Stiftungen stellten sich in kurzen Pitches auf der B\u00fchne vor. Das Format zeigte in wenigen Minuten die Vielfalt des Sektors. In diesem Jahr reichte das Spektrum von etablierten Organisationen wie myclimate bis zur erst vor etwas mehr als einem Jahr gegr\u00fcndeten DentAgeCare. <\/p>\n\n\n\n<p class=\"wp-block-paragraph\">Eine Erkenntnis zog sich durch den ganzen Tag. Partnerschaft auf Augenh\u00f6he l\u00e4sst sich nicht verordnen. Sie entsteht dort, wo Stiftungen bereit sind, Verantwortung abzugeben, Organisationen Vertrauen entgegenzubringen und gemeinsam \u00fcber die eigene Logik hinauszudenken. Der 16. Basler Stiftungstag findet am Dienstag, 31. August 2027, im Kunsthaus Baselland statt.<\/p>\n\n\n\n<p class=\"wp-block-paragraph\"><\/p>\n","protected":false},"excerpt":{"rendered":"Vertrauen und Mut: Zwei Dinge, die es f\u00fcr erfolgreiche Partnerschaften auf Augenh\u00f6he braucht. Beim 15. Basler Stiftungstag herrschte allgemeiner Konsens, dass Vertrauen zentral ist f\u00fcr eine erfolgreiche Partnerschaft. Unterschiede zeigten sich bei der konkreten Umsetzung. Das Stiftungswesen bestehe fast nur aus Vertrauen. Mit dieser Aussage nahm Conradin Cramer, Basler Regierungspr\u00e4sident, in seinem Grusswort das Thema&#8230;","protected":false},"author":52,"featured_media":19991,"comment_status":"open","ping_status":"open","sticky":false,"template":"","format":"image","meta":{"_acf_changed":false,"footnotes":""},"categories":[523],"tags":[1115,49],"post_label":[1090],"class_list":["post-19965","post","type-post","status-publish","format-image","has-post-thumbnail","hentry","category-sektor","tag-events","tag-philanthropie","post_format-post-format-image","post_label-the-philanthropist"],"acf":[],"yoast_head":"<!-- This site is optimized with the Yoast SEO plugin v28.2 - https:\/\/yoast.com\/product\/yoast-seo-wordpress\/ -->\n<title>Vertrauen ist gut, Mut ist besser - Spheriq-Blog<\/title>\n<meta name=\"robots\" content=\"index, follow, max-snippet:-1, max-image-preview:large, max-video-preview:-1\" \/>\n<link rel=\"canonical\" href=\"https:\/\/spheriq.ch\/blog\/vertrauen-ist-gut-mut-ist-besser\/\" \/>\n<meta property=\"og:locale\" content=\"de_DE\" \/>\n<meta property=\"og:type\" content=\"article\" \/>\n<meta property=\"og:title\" content=\"Vertrauen ist gut, Mut ist besser - Spheriq-Blog\" \/>\n<meta property=\"og:description\" content=\"Vertrauen und Mut: Zwei Dinge, die es f\u00fcr erfolgreiche Partnerschaften auf Augenh\u00f6he braucht. Beim 15. Basler Stiftungstag herrschte allgemeiner Konsens, dass Vertrauen zentral ist f\u00fcr eine erfolgreiche Partnerschaft. Unterschiede zeigten sich bei der konkreten Umsetzung. Das Stiftungswesen bestehe fast nur aus Vertrauen. Mit dieser Aussage nahm Conradin Cramer, Basler Regierungspr\u00e4sident, in seinem Grusswort das Thema...\" \/>\n<meta property=\"og:url\" content=\"https:\/\/spheriq.ch\/blog\/vertrauen-ist-gut-mut-ist-besser\/\" \/>\n<meta property=\"og:site_name\" content=\"Spheriq-Blog\" \/>\n<meta property=\"article:published_time\" content=\"2026-08-30T17:12:16+00:00\" \/>\n<meta property=\"article:modified_time\" content=\"2026-08-30T17:12:18+00:00\" \/>\n<meta property=\"og:image\" content=\"https:\/\/spheriq.ch\/blog\/wp-content\/uploads\/2026\/08\/05_voller-Saal_15.Stiftungstag_PLD_3582_Totale-2.jpg\" \/>\n\t<meta property=\"og:image:width\" content=\"1200\" \/>\n\t<meta property=\"og:image:height\" content=\"675\" \/>\n\t<meta property=\"og:image:type\" content=\"image\/jpeg\" \/>\n<meta name=\"author\" content=\"Takashi Sugimoto\" \/>\n<meta name=\"twitter:card\" content=\"summary_large_image\" \/>\n<meta name=\"twitter:label1\" content=\"Verfasst von\" \/>\n\t<meta name=\"twitter:data1\" content=\"Takashi Sugimoto\" \/>\n\t<meta name=\"twitter:label2\" content=\"Gesch\u00e4tzte Lesezeit\" \/>\n\t<meta name=\"twitter:data2\" content=\"7\u00a0Minuten\" \/>\n<script type=\"application\/ld+json\" class=\"yoast-schema-graph\">{\"@context\":\"https:\\\/\\\/schema.org\",\"@graph\":[{\"@type\":\"Article\",\"@id\":\"https:\\\/\\\/spheriq.ch\\\/blog\\\/vertrauen-ist-gut-mut-ist-besser\\\/#article\",\"isPartOf\":{\"@id\":\"https:\\\/\\\/spheriq.ch\\\/blog\\\/vertrauen-ist-gut-mut-ist-besser\\\/\"},\"author\":{\"name\":\"Takashi Sugimoto\",\"@id\":\"https:\\\/\\\/spheriq.ch\\\/blog\\\/#\\\/schema\\\/person\\\/0b43f157a065921fa434bc97762457de\"},\"headline\":\"Vertrauen ist gut, Mut ist besser\",\"datePublished\":\"2026-08-30T17:12:16+00:00\",\"dateModified\":\"2026-08-30T17:12:18+00:00\",\"mainEntityOfPage\":{\"@id\":\"https:\\\/\\\/spheriq.ch\\\/blog\\\/vertrauen-ist-gut-mut-ist-besser\\\/\"},\"wordCount\":1027,\"commentCount\":0,\"image\":{\"@id\":\"https:\\\/\\\/spheriq.ch\\\/blog\\\/vertrauen-ist-gut-mut-ist-besser\\\/#primaryimage\"},\"thumbnailUrl\":\"https:\\\/\\\/spheriq.ch\\\/blog\\\/wp-content\\\/uploads\\\/2026\\\/08\\\/05_voller-Saal_15.Stiftungstag_PLD_3582_Totale-2.jpg\",\"keywords\":[\"Events\",\"Philanthropie\"],\"articleSection\":[\"Aus dem Sektor\"],\"inLanguage\":\"de\",\"potentialAction\":[{\"@type\":\"CommentAction\",\"name\":\"Comment\",\"target\":[\"https:\\\/\\\/spheriq.ch\\\/blog\\\/vertrauen-ist-gut-mut-ist-besser\\\/#respond\"]}]},{\"@type\":\"WebPage\",\"@id\":\"https:\\\/\\\/spheriq.ch\\\/blog\\\/vertrauen-ist-gut-mut-ist-besser\\\/\",\"url\":\"https:\\\/\\\/spheriq.ch\\\/blog\\\/vertrauen-ist-gut-mut-ist-besser\\\/\",\"name\":\"Vertrauen ist gut, Mut ist besser - Spheriq-Blog\",\"isPartOf\":{\"@id\":\"https:\\\/\\\/spheriq.ch\\\/blog\\\/#website\"},\"primaryImageOfPage\":{\"@id\":\"https:\\\/\\\/spheriq.ch\\\/blog\\\/vertrauen-ist-gut-mut-ist-besser\\\/#primaryimage\"},\"image\":{\"@id\":\"https:\\\/\\\/spheriq.ch\\\/blog\\\/vertrauen-ist-gut-mut-ist-besser\\\/#primaryimage\"},\"thumbnailUrl\":\"https:\\\/\\\/spheriq.ch\\\/blog\\\/wp-content\\\/uploads\\\/2026\\\/08\\\/05_voller-Saal_15.Stiftungstag_PLD_3582_Totale-2.jpg\",\"datePublished\":\"2026-08-30T17:12:16+00:00\",\"dateModified\":\"2026-08-30T17:12:18+00:00\",\"author\":{\"@id\":\"https:\\\/\\\/spheriq.ch\\\/blog\\\/#\\\/schema\\\/person\\\/0b43f157a065921fa434bc97762457de\"},\"breadcrumb\":{\"@id\":\"https:\\\/\\\/spheriq.ch\\\/blog\\\/vertrauen-ist-gut-mut-ist-besser\\\/#breadcrumb\"},\"inLanguage\":\"de\",\"potentialAction\":[{\"@type\":\"ReadAction\",\"target\":[\"https:\\\/\\\/spheriq.ch\\\/blog\\\/vertrauen-ist-gut-mut-ist-besser\\\/\"]}]},{\"@type\":\"ImageObject\",\"inLanguage\":\"de\",\"@id\":\"https:\\\/\\\/spheriq.ch\\\/blog\\\/vertrauen-ist-gut-mut-ist-besser\\\/#primaryimage\",\"url\":\"https:\\\/\\\/spheriq.ch\\\/blog\\\/wp-content\\\/uploads\\\/2026\\\/08\\\/05_voller-Saal_15.Stiftungstag_PLD_3582_Totale-2.jpg\",\"contentUrl\":\"https:\\\/\\\/spheriq.ch\\\/blog\\\/wp-content\\\/uploads\\\/2026\\\/08\\\/05_voller-Saal_15.Stiftungstag_PLD_3582_Totale-2.jpg\",\"width\":1200,\"height\":675,\"caption\":\"15. Basler Stiftungstag, Stiftungsstadt Basel im Zentrum Johannes am Dienstag, 25. August 2026 in Basel. Foto: Dominik Pl\u00fcss\"},{\"@type\":\"BreadcrumbList\",\"@id\":\"https:\\\/\\\/spheriq.ch\\\/blog\\\/vertrauen-ist-gut-mut-ist-besser\\\/#breadcrumb\",\"itemListElement\":[{\"@type\":\"ListItem\",\"position\":1,\"name\":\"Home\",\"item\":\"https:\\\/\\\/spheriq.ch\\\/blog\\\/\"},{\"@type\":\"ListItem\",\"position\":2,\"name\":\"Vertrauen ist gut, Mut ist besser\"}]},{\"@type\":\"WebSite\",\"@id\":\"https:\\\/\\\/spheriq.ch\\\/blog\\\/#website\",\"url\":\"https:\\\/\\\/spheriq.ch\\\/blog\\\/\",\"name\":\"Spheriq-Blog\",\"description\":\"Der Blog f\u00fcr Fundraiser, Stiftungsverwalter, Stiftungsr\u00e4te und alle, die sich f\u00fcr Fragen und Themen rund um den gemeinn\u00fctzigen Sektor interessieren.\",\"potentialAction\":[{\"@type\":\"SearchAction\",\"target\":{\"@type\":\"EntryPoint\",\"urlTemplate\":\"https:\\\/\\\/spheriq.ch\\\/blog\\\/?s={search_term_string}\"},\"query-input\":{\"@type\":\"PropertyValueSpecification\",\"valueRequired\":true,\"valueName\":\"search_term_string\"}}],\"inLanguage\":\"de\"},{\"@type\":\"Person\",\"@id\":\"https:\\\/\\\/spheriq.ch\\\/blog\\\/#\\\/schema\\\/person\\\/0b43f157a065921fa434bc97762457de\",\"name\":\"Takashi Sugimoto\",\"image\":{\"@type\":\"ImageObject\",\"inLanguage\":\"de\",\"@id\":\"https:\\\/\\\/secure.gravatar.com\\\/avatar\\\/13a2402af3c35c76f853c02e03eb30cf5f0bb6fb0022528d2bdf2e92bf2bd653?s=96&d=mm&r=g\",\"url\":\"https:\\\/\\\/secure.gravatar.com\\\/avatar\\\/13a2402af3c35c76f853c02e03eb30cf5f0bb6fb0022528d2bdf2e92bf2bd653?s=96&d=mm&r=g\",\"contentUrl\":\"https:\\\/\\\/secure.gravatar.com\\\/avatar\\\/13a2402af3c35c76f853c02e03eb30cf5f0bb6fb0022528d2bdf2e92bf2bd653?s=96&d=mm&r=g\",\"caption\":\"Takashi Sugimoto\"},\"description\":\"Takashi Sugimoto studied philosophy at the University of Basel, graduating in 2001. He worked in various communications departments and was an editor at Coopzeitung. Today, he is co-managing director of his own communications agency.\",\"url\":\"https:\\\/\\\/spheriq.ch\\\/blog\\\/author\\\/takashi-sugimoto\\\/\"}]}<\/script>\n<!-- \/ Yoast SEO plugin. -->","yoast_head_json":{"title":"Vertrauen ist gut, Mut ist besser - Spheriq-Blog","robots":{"index":"index","follow":"follow","max-snippet":"max-snippet:-1","max-image-preview":"max-image-preview:large","max-video-preview":"max-video-preview:-1"},"canonical":"https:\/\/spheriq.ch\/blog\/vertrauen-ist-gut-mut-ist-besser\/","og_locale":"de_DE","og_type":"article","og_title":"Vertrauen ist gut, Mut ist besser - Spheriq-Blog","og_description":"Vertrauen und Mut: Zwei Dinge, die es f\u00fcr erfolgreiche Partnerschaften auf Augenh\u00f6he braucht. Beim 15. Basler Stiftungstag herrschte allgemeiner Konsens, dass Vertrauen zentral ist f\u00fcr eine erfolgreiche Partnerschaft. Unterschiede zeigten sich bei der konkreten Umsetzung. Das Stiftungswesen bestehe fast nur aus Vertrauen. Mit dieser Aussage nahm Conradin Cramer, Basler Regierungspr\u00e4sident, in seinem Grusswort das Thema...","og_url":"https:\/\/spheriq.ch\/blog\/vertrauen-ist-gut-mut-ist-besser\/","og_site_name":"Spheriq-Blog","article_published_time":"2026-08-30T17:12:16+00:00","article_modified_time":"2026-08-30T17:12:18+00:00","og_image":[{"width":1200,"height":675,"url":"https:\/\/spheriq.ch\/blog\/wp-content\/uploads\/2026\/08\/05_voller-Saal_15.Stiftungstag_PLD_3582_Totale-2.jpg","type":"image\/jpeg"}],"author":"Takashi Sugimoto","twitter_card":"summary_large_image","twitter_misc":{"Verfasst von":"Takashi Sugimoto","Gesch\u00e4tzte Lesezeit":"7\u00a0Minuten"},"schema":{"@context":"https:\/\/schema.org","@graph":[{"@type":"Article","@id":"https:\/\/spheriq.ch\/blog\/vertrauen-ist-gut-mut-ist-besser\/#article","isPartOf":{"@id":"https:\/\/spheriq.ch\/blog\/vertrauen-ist-gut-mut-ist-besser\/"},"author":{"name":"Takashi Sugimoto","@id":"https:\/\/spheriq.ch\/blog\/#\/schema\/person\/0b43f157a065921fa434bc97762457de"},"headline":"Vertrauen ist gut, Mut ist besser","datePublished":"2026-08-30T17:12:16+00:00","dateModified":"2026-08-30T17:12:18+00:00","mainEntityOfPage":{"@id":"https:\/\/spheriq.ch\/blog\/vertrauen-ist-gut-mut-ist-besser\/"},"wordCount":1027,"commentCount":0,"image":{"@id":"https:\/\/spheriq.ch\/blog\/vertrauen-ist-gut-mut-ist-besser\/#primaryimage"},"thumbnailUrl":"https:\/\/spheriq.ch\/blog\/wp-content\/uploads\/2026\/08\/05_voller-Saal_15.Stiftungstag_PLD_3582_Totale-2.jpg","keywords":["Events","Philanthropie"],"articleSection":["Aus dem Sektor"],"inLanguage":"de","potentialAction":[{"@type":"CommentAction","name":"Comment","target":["https:\/\/spheriq.ch\/blog\/vertrauen-ist-gut-mut-ist-besser\/#respond"]}]},{"@type":"WebPage","@id":"https:\/\/spheriq.ch\/blog\/vertrauen-ist-gut-mut-ist-besser\/","url":"https:\/\/spheriq.ch\/blog\/vertrauen-ist-gut-mut-ist-besser\/","name":"Vertrauen ist gut, Mut ist besser - Spheriq-Blog","isPartOf":{"@id":"https:\/\/spheriq.ch\/blog\/#website"},"primaryImageOfPage":{"@id":"https:\/\/spheriq.ch\/blog\/vertrauen-ist-gut-mut-ist-besser\/#primaryimage"},"image":{"@id":"https:\/\/spheriq.ch\/blog\/vertrauen-ist-gut-mut-ist-besser\/#primaryimage"},"thumbnailUrl":"https:\/\/spheriq.ch\/blog\/wp-content\/uploads\/2026\/08\/05_voller-Saal_15.Stiftungstag_PLD_3582_Totale-2.jpg","datePublished":"2026-08-30T17:12:16+00:00","dateModified":"2026-08-30T17:12:18+00:00","author":{"@id":"https:\/\/spheriq.ch\/blog\/#\/schema\/person\/0b43f157a065921fa434bc97762457de"},"breadcrumb":{"@id":"https:\/\/spheriq.ch\/blog\/vertrauen-ist-gut-mut-ist-besser\/#breadcrumb"},"inLanguage":"de","potentialAction":[{"@type":"ReadAction","target":["https:\/\/spheriq.ch\/blog\/vertrauen-ist-gut-mut-ist-besser\/"]}]},{"@type":"ImageObject","inLanguage":"de","@id":"https:\/\/spheriq.ch\/blog\/vertrauen-ist-gut-mut-ist-besser\/#primaryimage","url":"https:\/\/spheriq.ch\/blog\/wp-content\/uploads\/2026\/08\/05_voller-Saal_15.Stiftungstag_PLD_3582_Totale-2.jpg","contentUrl":"https:\/\/spheriq.ch\/blog\/wp-content\/uploads\/2026\/08\/05_voller-Saal_15.Stiftungstag_PLD_3582_Totale-2.jpg","width":1200,"height":675,"caption":"15. Basler Stiftungstag, Stiftungsstadt Basel im Zentrum Johannes am Dienstag, 25. August 2026 in Basel. Foto: Dominik Pl\u00fcss"},{"@type":"BreadcrumbList","@id":"https:\/\/spheriq.ch\/blog\/vertrauen-ist-gut-mut-ist-besser\/#breadcrumb","itemListElement":[{"@type":"ListItem","position":1,"name":"Home","item":"https:\/\/spheriq.ch\/blog\/"},{"@type":"ListItem","position":2,"name":"Vertrauen ist gut, Mut ist besser"}]},{"@type":"WebSite","@id":"https:\/\/spheriq.ch\/blog\/#website","url":"https:\/\/spheriq.ch\/blog\/","name":"Spheriq-Blog","description":"Der Blog f\u00fcr Fundraiser, Stiftungsverwalter, Stiftungsr\u00e4te und alle, die sich f\u00fcr Fragen und Themen rund um den gemeinn\u00fctzigen Sektor interessieren.","potentialAction":[{"@type":"SearchAction","target":{"@type":"EntryPoint","urlTemplate":"https:\/\/spheriq.ch\/blog\/?s={search_term_string}"},"query-input":{"@type":"PropertyValueSpecification","valueRequired":true,"valueName":"search_term_string"}}],"inLanguage":"de"},{"@type":"Person","@id":"https:\/\/spheriq.ch\/blog\/#\/schema\/person\/0b43f157a065921fa434bc97762457de","name":"Takashi Sugimoto","image":{"@type":"ImageObject","inLanguage":"de","@id":"https:\/\/secure.gravatar.com\/avatar\/13a2402af3c35c76f853c02e03eb30cf5f0bb6fb0022528d2bdf2e92bf2bd653?s=96&d=mm&r=g","url":"https:\/\/secure.gravatar.com\/avatar\/13a2402af3c35c76f853c02e03eb30cf5f0bb6fb0022528d2bdf2e92bf2bd653?s=96&d=mm&r=g","contentUrl":"https:\/\/secure.gravatar.com\/avatar\/13a2402af3c35c76f853c02e03eb30cf5f0bb6fb0022528d2bdf2e92bf2bd653?s=96&d=mm&r=g","caption":"Takashi Sugimoto"},"description":"Takashi Sugimoto studied philosophy at the University of Basel, graduating in 2001. He worked in various communications departments and was an editor at Coopzeitung. Today, he is co-managing director of his own communications agency.","url":"https:\/\/spheriq.ch\/blog\/author\/takashi-sugimoto\/"}]}},"_links":{"self":[{"href":"https:\/\/spheriq.ch\/blog\/wp-json\/wp\/v2\/posts\/19965","targetHints":{"allow":["GET"]}}],"collection":[{"href":"https:\/\/spheriq.ch\/blog\/wp-json\/wp\/v2\/posts"}],"about":[{"href":"https:\/\/spheriq.ch\/blog\/wp-json\/wp\/v2\/types\/post"}],"author":[{"embeddable":true,"href":"https:\/\/spheriq.ch\/blog\/wp-json\/wp\/v2\/users\/52"}],"replies":[{"embeddable":true,"href":"https:\/\/spheriq.ch\/blog\/wp-json\/wp\/v2\/comments?post=19965"}],"version-history":[{"count":6,"href":"https:\/\/spheriq.ch\/blog\/wp-json\/wp\/v2\/posts\/19965\/revisions"}],"predecessor-version":[{"id":19998,"href":"https:\/\/spheriq.ch\/blog\/wp-json\/wp\/v2\/posts\/19965\/revisions\/19998"}],"wp:featuredmedia":[{"embeddable":true,"href":"https:\/\/spheriq.ch\/blog\/wp-json\/wp\/v2\/media\/19991"}],"wp:attachment":[{"href":"https:\/\/spheriq.ch\/blog\/wp-json\/wp\/v2\/media?parent=19965"}],"wp:term":[{"taxonomy":"category","embeddable":true,"href":"https:\/\/spheriq.ch\/blog\/wp-json\/wp\/v2\/categories?post=19965"},{"taxonomy":"post_tag","embeddable":true,"href":"https:\/\/spheriq.ch\/blog\/wp-json\/wp\/v2\/tags?post=19965"},{"taxonomy":"post_label","embeddable":true,"href":"https:\/\/spheriq.ch\/blog\/wp-json\/wp\/v2\/post_label?post=19965"}],"curies":[{"name":"wp","href":"https:\/\/api.w.org\/{rel}","templated":true}]}}