{"id":19865,"date":"2026-08-26T07:25:15","date_gmt":"2026-08-26T05:25:15","guid":{"rendered":"https:\/\/spheriq.ch\/blog\/?p=19865"},"modified":"2026-08-26T07:25:16","modified_gmt":"2026-08-26T05:25:16","slug":"das-verzeichnis-waechst-liechtenstein-neu-auf-spheriq","status":"publish","type":"post","link":"https:\/\/spheriq.ch\/blog\/das-verzeichnis-waechst-liechtenstein-neu-auf-spheriq\/","title":{"rendered":"Das Verzeichnis w\u00e4chst: Liechtenstein neu auf\u00a0Spheriq"},"content":{"rendered":"\n<p class=\"is-style-lead wp-block-paragraph\"><strong>Die F\u00f6rderlandschaft endet nicht an der Schweizer Grenze. Neu sind auch die gemeinn\u00fctzigen Stiftungen Liechtensteins im&nbsp;Spheriq-Verzeichnis recherchierbar. Damit erweitert sich der Suchraum f\u00fcr&nbsp;Nonprofits&nbsp;und&nbsp;Fundraiser:innen&nbsp;um einen kleinen, aber bedeutenden&nbsp;Philanthropiestandort.<\/strong><\/p>\n\n\n\n<p class=\"wp-block-paragraph\">Wer F\u00f6rderstiftungen recherchiert, sollte nicht an der Landesgrenze aufh\u00f6ren. Gerade Liechtenstein ist trotz seiner \u00fcberschaubaren Gr\u00f6sse ein bedeutender&nbsp;Philanthropiestandort&nbsp;und&nbsp;damit&nbsp;auch f\u00fcr viele Schweizer&nbsp;Nonprofits&nbsp;ein&nbsp;vielversprechender&nbsp;Teil der F\u00f6rderlandschaft. Ein h\u00e4ufig ge\u00e4usserter Wunsch unserer&nbsp;Nutzer:innen&nbsp;war deshalb, auch liechtensteinische F\u00f6rderstiftungen direkt auf&nbsp;Spheriq&nbsp;recherchieren zu k\u00f6nnen. Genau das ist nun m\u00f6glich:&nbsp;<strong>Die gemeinn\u00fctzigen Stiftungen Liechtensteins sind neu Teil des&nbsp;Spheriq-Verzeichnisses.<\/strong>&nbsp;Die Basis steht und wird laufend mit weiteren Informationen angereichert.&nbsp;<\/p>\n\n\n\n<h2 id=\"ein-kleines-land-mit-hoher-stiftungsdichte\"  class=\"wp-block-heading\"><strong>Ein kleines Land mit&nbsp;hoher&nbsp;Stiftungsdichte<\/strong>&nbsp;<\/h2>\n\n\n\n<p class=\"wp-block-paragraph\">Wer bei Liechtenstein zuerst an seine Fl\u00e4che oder Einwohnerzahl denkt, untersch\u00e4tzt die&nbsp;<a href=\"https:\/\/thephilanthropist.ch\/tradition-trifft-auf-innovation\/\">Dimension seines Stiftungssektors<\/a>. Ende 2024 gab es im F\u00fcrstentum 1\u2019398 gemeinn\u00fctzige Stiftungen. Zum Vergleich: Die Schweiz z\u00e4hlte zum selben Zeitpunkt 13&#8217;722&nbsp;\u2013&nbsp;bei einer rund 225-mal gr\u00f6sseren Bev\u00f6lkerung.&nbsp;<\/p>\n\n\n\n<p class=\"wp-block-paragraph\">Auch die Rahmenbedingungen f\u00fcr philanthropisches Engagement sind bemerkenswert. Im Global&nbsp;Philanthropy&nbsp;Environment Index 2025 belegt Liechtenstein den ersten Platz,&nbsp;knapp vor der Schweiz. Bewertet werden&nbsp;unter anderem&nbsp;die&nbsp;rechtlichen&nbsp;und steuerlichen&nbsp;Rahmenbedingungen, grenz\u00fcberschreitende Spendenm\u00f6glichkeiten sowie das politische und wirtschaftliche Umfeld.&nbsp;<\/p>\n\n\n\n<p class=\"wp-block-paragraph\">F\u00fcr die F\u00f6rderpraxis besonders&nbsp;relevant: Das liechtensteinische Stiftungsrecht schreibt gemeinn\u00fctzigen Stiftungen&nbsp;<a href=\"https:\/\/thephilanthropist.ch\/diskret-und-transparent-lokal-und-global\/\">keine geografische Beschr\u00e4nkung ihrer Mittelverwendung<\/a>&nbsp;auf Liechtenstein vor.&nbsp;Sie&nbsp;k\u00f6nnen entsprechend auch international f\u00f6rdern.&nbsp;<\/p>\n\n\n\n<p class=\"wp-block-paragraph\">F\u00fcr Fundraiser lohnt sich der Blick \u00fcber den Rhein deshalb ganz besonders.&nbsp;<\/p>\n\n\n\n<h2 id=\"bisher-endete-die-recherche-zu-frueh\"  class=\"wp-block-heading\"><strong>Bisher endete die Recherche zu fr\u00fch<\/strong>&nbsp;<\/h2>\n\n\n\n<p class=\"wp-block-paragraph\">Auf&nbsp;Spheriq&nbsp;konnten&nbsp;Nonprofits&nbsp;und F\u00f6rderorganisationen bisher umfassend innerhalb der Schweizer Stiftungslandschaft recherchieren.&nbsp;Wer den Suchradius auf&nbsp;Liechtenstein&nbsp;erweitern wollte, musste zus\u00e4tzliche Quellen konsultieren, und die gefundenen Informationen&nbsp;anschliessend&nbsp;in die eigene Arbeit \u00fcbertragen.&nbsp;<\/p>\n\n\n\n<p class=\"wp-block-paragraph\">Gerade f\u00fcr Organisationen aus der Ostschweiz, aber auch f\u00fcr schweizweit oder international t\u00e4tige&nbsp;Nonprofits, fehlte damit ein relevanter Teil des Stiftungsraums.&nbsp;<\/p>\n\n\n\n<p class=\"wp-block-paragraph\">Dass der Zugang zu F\u00f6rderstiftungen auch innerhalb Liechtensteins nicht immer einfach ist, zeigt sich zudem im Sektor selbst. Die&nbsp;<a href=\"https:\/\/thephilanthropist.ch\/philanthropie-made-in-liechtenstein\/\">Vereinigung liechtensteinischer gemeinn\u00fctziger Stiftungen und Trusts&nbsp;VLGST<\/a>&nbsp;weist darauf hin, dass NGOs und Vereine&nbsp;Schwierigkeiten haben k\u00f6nnen, passende Stiftungen zu identifizieren und Zugang zu ihnen zu finden. Gleichzeitig wirken viele Stiftungen bewusst im Hintergrund und sind \u00f6ffentlich unterschiedlich stark sichtbar.&nbsp;<\/p>\n\n\n\n<p class=\"wp-block-paragraph\">Genau hier&nbsp;machen&nbsp;strukturierte Daten einen Unterschied.&nbsp;<\/p>\n\n\n\n<h2 id=\"liechtenstein-ist-neu-teil-des-spheriq-verzeichnisses\"  class=\"wp-block-heading\"><strong>Liechtenstein ist neu Teil des&nbsp;Spheriq-Verzeichnisses<\/strong>&nbsp;<\/h2>\n\n\n\n<p class=\"wp-block-paragraph\">Bisher umfasste das\u00a0Spheriq-Verzeichnis alle gemeinn\u00fctzigen Schweizer Stiftungen sowie andere Organisationen aus der Schweiz und dem Ausland. Mit der Integration der gemeinn\u00fctzigen Stiftungen aus Liechtenstein erweitert sich dieser Suchraum um viele weitere potenzielle F\u00f6rderorganisationen f\u00fcr Schweizer Nonprofits. In einem ersten Schritt sind die gemeinn\u00fctzigen liechtensteinischen Stiftungen mit ihren grundlegenden Organisationsdaten und ihrem Sitz auf\u00a0Spheriq\u00a0verf\u00fcgbar. Damit werden sie auffindbar und k\u00f6nnen direkt in die bestehende Recherche einbezogen werden.\u00a0<\/p>\n\n\n\n<p class=\"wp-block-paragraph\">Bei einem wachsenden Teil der Stiftungen gehen die Informationen bereits&nbsp;heute&nbsp;weiter. Je nach verf\u00fcgbarer Datengrundlage erg\u00e4nzen wir unter anderem:&nbsp;<\/p>\n\n\n\n<ul class=\"wp-block-list\">\n<li>den&nbsp;<strong>Stiftungszweck<\/strong>&nbsp;<\/li>\n<\/ul>\n\n\n\n<ul class=\"wp-block-list\">\n<li>bekannte&nbsp;<strong>Organe<\/strong>&nbsp;<\/li>\n<\/ul>\n\n\n\n<ul class=\"wp-block-list\">\n<li>eine&nbsp;<strong>thematische Einordnung<\/strong>&nbsp;der Stiftung&nbsp;<\/li>\n<\/ul>\n\n\n\n<p class=\"wp-block-paragraph\">Damit wird aus einem Registereintrag schrittweise ein Profil, das sich&nbsp;f\u00fcr die F\u00f6rderrecherche&nbsp;im Fundraising tats\u00e4chlich nutzen l\u00e4sst.&nbsp;<\/p>\n\n\n\n<p class=\"wp-block-paragraph\">Wichtig ist dabei:&nbsp;<strong>Der Aufbau ist noch nicht abgeschlossen.<\/strong>&nbsp;Noch verf\u00fcgt nicht&nbsp;jedes liechtensteinische Stiftungsprofil \u00fcber dieselbe Informationstiefe.&nbsp;Dies hat mir der grundlegend unterschiedlichen Ausgangslage zur Schweiz zu tun \u2013 viele Informationen, die im Handelsregister der Schweiz frei zug\u00e4nglich sind, werden im&nbsp;Handelsregister Liechtensteins ausgeblendet.&nbsp;Die Datengrundlage wird&nbsp;nun aber&nbsp;laufend gepr\u00fcft, erg\u00e4nzt und strukturiert. Wo heute zun\u00e4chst Basisinformationen vorhanden sind, k\u00f6nnen morgen&nbsp;also&nbsp;bereits&nbsp;weitere Angaben zur F\u00f6rderausrichtung hinzukommen.&nbsp;<\/p>\n\n\n<div class=\"cta-box wp-block-custom-cta-box\">\r\n\t<div class=\"cta-box__inner\">\r\n\t\t\n\n<h3 id=\"sie-vertreten-eine-liechtensteinische-stiftung\"  class=\"wp-block-heading has-black-color has-text-color has-link-color wp-elements-1\">Sie vertreten eine liechtensteinische Stiftung?<\/h3>\n\n\n\n<p class=\"has-black-color has-text-color has-link-color wp-elements-2 wp-block-paragraph\">Dann k\u00f6nnen Sie die Verwaltung Ihres Stiftungsprofils auf&nbsp;Spheriq&nbsp;\u00fcbernehmen. Sie k\u00f6nnen das Profil mit zus\u00e4tzlichen Informationen anreichern und nahtlos mit den weiteren Plattform-Funktionen verkn\u00fcpft nutzen.<\/p>\n\n\n\n<p class=\"has-black-color has-text-color has-link-color wp-elements-3 wp-block-paragraph\"><a href=\"https:\/\/support.spheriq.ch\/de\/articles\/392859-als-organisationsvertretung-einer-stiftung-verifizieren-so-lost-du-deinen-code-ein\">Jetzt loslegen<\/a><\/p>\n\n\t<\/div>\r\n<\/div>\r\n\n\n\n<h2 id=\"wachsende-datentiefe\"  class=\"wp-block-heading\">Wachsende <strong>Datentiefe<\/strong><\/h2>\n\n\n\n<p class=\"wp-block-paragraph\">Die Aufnahme Liechtensteins ist&nbsp;nicht&nbsp;ein einmaliger&nbsp;Datenimport, sondern der Beginn eines kontinuierlichen Ausbaus.&nbsp;<\/p>\n\n\n\n<p class=\"wp-block-paragraph\">Unser Ziel ist es, die Profile Schritt f\u00fcr Schritt, um jene Informationen zu erg\u00e4nzen, die f\u00fcr eine fundierte F\u00f6rderrecherche tats\u00e4chlich relevant sind. Dabei gilt dasselbe Prinzip wie f\u00fcr das gesamte&nbsp;Spheriq-Verzeichnis:&nbsp;<strong>Daten sollen nicht nur vorhanden, sondern m\u00f6glichst aktuell, strukturiert und praktisch nutzbar sein.&nbsp;<\/strong>Ein Schl\u00fcssel bildet hierzu die&nbsp;<a href=\"https:\/\/spheriq.ch\/blog\/foerderlogik-macht-stiftungen-digital-lesbar\/\">F\u00f6rderlogik<\/a>, die wir \u00fcberall dort erg\u00e4nzen, wo die Informationsdichte ausreichend ist \u2013 im Idealfall in direkter Zusammenarbeit mit der F\u00f6rderorganisation.&nbsp;<\/p>\n\n\n\n<p class=\"wp-block-paragraph\">Je mehr Informationen verf\u00fcgbar werden, desto pr\u00e4ziser l\u00e4sst sich eine Stiftung einordnen. Und desto schneller k\u00f6nnen Fundraiser unterscheiden zwischen einem bloss interessanten Namen und einer F\u00f6rderorganisation, bei der sich eine vertiefte Pr\u00fcfung tats\u00e4chlich lohnt.&nbsp;<\/p>\n\n\n\n<p class=\"wp-block-paragraph\">Die Landesgrenze soll&nbsp;k\u00fcnftig&nbsp;nicht bestimmen, wo eine gute Partnerschaft beginnt.&nbsp;&nbsp;<\/p>\n\n\n\n<p class=\"wp-block-paragraph\"><strong>Welche Erweiterung des&nbsp;Spheriq-Verzeichnisses w\u00fcnschen Sie sich als n\u00e4chstes?&nbsp;<\/strong><br><a href=\"mailto:yara.ouertani@spheriq.ch\">Schreiben und teilen Sie Ihre Ideen mit uns.<\/a><\/p>\n","protected":false},"excerpt":{"rendered":"Die F\u00f6rderlandschaft endet nicht an der Schweizer Grenze. Neu sind auch die gemeinn\u00fctzigen Stiftungen Liechtensteins im&nbsp;Spheriq-Verzeichnis recherchierbar. Damit erweitert sich der Suchraum f\u00fcr&nbsp;Nonprofits&nbsp;und&nbsp;Fundraiser:innen&nbsp;um einen kleinen, aber bedeutenden&nbsp;Philanthropiestandort. Wer F\u00f6rderstiftungen recherchiert, sollte nicht an der Landesgrenze aufh\u00f6ren. Gerade Liechtenstein ist trotz seiner \u00fcberschaubaren Gr\u00f6sse ein bedeutender&nbsp;Philanthropiestandort&nbsp;und&nbsp;damit&nbsp;auch f\u00fcr viele Schweizer&nbsp;Nonprofits&nbsp;ein&nbsp;vielversprechender&nbsp;Teil der F\u00f6rderlandschaft. Ein h\u00e4ufig ge\u00e4usserter Wunsch unserer&nbsp;Nutzer:innen&nbsp;war&#8230;","protected":false},"author":39,"featured_media":19869,"comment_status":"open","ping_status":"open","sticky":false,"template":"","format":"image","meta":{"_acf_changed":false,"footnotes":""},"categories":[1171,1118,1100],"tags":[436],"post_label":[],"class_list":["post-19865","post","type-post","status-publish","format-image","has-post-thumbnail","hentry","category-foerdern-entwickeln","category-international","category-recherche","tag-liechtenstein","post_format-post-format-image"],"acf":[],"yoast_head":"<!-- This site is optimized with the Yoast SEO plugin v28.2 - https:\/\/yoast.com\/product\/yoast-seo-wordpress\/ -->\n<title>Das Verzeichnis w\u00e4chst: Liechtenstein neu auf\u00a0Spheriq - Spheriq-Blog<\/title>\n<meta name=\"robots\" content=\"index, follow, max-snippet:-1, max-image-preview:large, max-video-preview:-1\" \/>\n<link rel=\"canonical\" href=\"https:\/\/spheriq.ch\/blog\/das-verzeichnis-waechst-liechtenstein-neu-auf-spheriq\/\" \/>\n<meta property=\"og:locale\" content=\"de_DE\" \/>\n<meta property=\"og:type\" content=\"article\" \/>\n<meta property=\"og:title\" content=\"Das Verzeichnis w\u00e4chst: Liechtenstein neu auf\u00a0Spheriq - Spheriq-Blog\" \/>\n<meta property=\"og:description\" content=\"Die F\u00f6rderlandschaft endet nicht an der Schweizer Grenze. Neu sind auch die gemeinn\u00fctzigen Stiftungen Liechtensteins im&nbsp;Spheriq-Verzeichnis recherchierbar. Damit erweitert sich der Suchraum f\u00fcr&nbsp;Nonprofits&nbsp;und&nbsp;Fundraiser:innen&nbsp;um einen kleinen, aber bedeutenden&nbsp;Philanthropiestandort. Wer F\u00f6rderstiftungen recherchiert, sollte nicht an der Landesgrenze aufh\u00f6ren. Gerade Liechtenstein ist trotz seiner \u00fcberschaubaren Gr\u00f6sse ein bedeutender&nbsp;Philanthropiestandort&nbsp;und&nbsp;damit&nbsp;auch f\u00fcr viele Schweizer&nbsp;Nonprofits&nbsp;ein&nbsp;vielversprechender&nbsp;Teil der F\u00f6rderlandschaft. Ein h\u00e4ufig ge\u00e4usserter Wunsch unserer&nbsp;Nutzer:innen&nbsp;war...\" \/>\n<meta property=\"og:url\" content=\"https:\/\/spheriq.ch\/blog\/das-verzeichnis-waechst-liechtenstein-neu-auf-spheriq\/\" \/>\n<meta property=\"og:site_name\" content=\"Spheriq-Blog\" \/>\n<meta property=\"article:published_time\" content=\"2026-08-26T05:25:15+00:00\" \/>\n<meta property=\"article:modified_time\" content=\"2026-08-26T05:25:16+00:00\" \/>\n<meta property=\"og:image\" content=\"https:\/\/spheriq.ch\/blog\/wp-content\/uploads\/2026\/08\/Liechtenstein.png\" \/>\n\t<meta property=\"og:image:width\" content=\"1119\" \/>\n\t<meta property=\"og:image:height\" content=\"687\" \/>\n\t<meta property=\"og:image:type\" content=\"image\/png\" \/>\n<meta name=\"author\" content=\"Yara Ouertani\" \/>\n<meta name=\"twitter:card\" content=\"summary_large_image\" \/>\n<meta name=\"twitter:label1\" content=\"Verfasst von\" \/>\n\t<meta name=\"twitter:data1\" content=\"Yara Ouertani\" \/>\n\t<meta name=\"twitter:label2\" content=\"Gesch\u00e4tzte Lesezeit\" \/>\n\t<meta name=\"twitter:data2\" content=\"5\u00a0Minuten\" \/>\n<script type=\"application\/ld+json\" class=\"yoast-schema-graph\">{\"@context\":\"https:\\\/\\\/schema.org\",\"@graph\":[{\"@type\":\"Article\",\"@id\":\"https:\\\/\\\/spheriq.ch\\\/blog\\\/das-verzeichnis-waechst-liechtenstein-neu-auf-spheriq\\\/#article\",\"isPartOf\":{\"@id\":\"https:\\\/\\\/spheriq.ch\\\/blog\\\/das-verzeichnis-waechst-liechtenstein-neu-auf-spheriq\\\/\"},\"author\":{\"name\":\"Yara Ouertani\",\"@id\":\"https:\\\/\\\/spheriq.ch\\\/blog\\\/#\\\/schema\\\/person\\\/37deca52244cf8f09f9f2b9a45fe55f0\"},\"headline\":\"Das Verzeichnis w\u00e4chst: Liechtenstein neu auf\u00a0Spheriq\",\"datePublished\":\"2026-08-26T05:25:15+00:00\",\"dateModified\":\"2026-08-26T05:25:16+00:00\",\"mainEntityOfPage\":{\"@id\":\"https:\\\/\\\/spheriq.ch\\\/blog\\\/das-verzeichnis-waechst-liechtenstein-neu-auf-spheriq\\\/\"},\"wordCount\":926,\"commentCount\":0,\"image\":{\"@id\":\"https:\\\/\\\/spheriq.ch\\\/blog\\\/das-verzeichnis-waechst-liechtenstein-neu-auf-spheriq\\\/#primaryimage\"},\"thumbnailUrl\":\"https:\\\/\\\/spheriq.ch\\\/blog\\\/wp-content\\\/uploads\\\/2026\\\/08\\\/Liechtenstein.png\",\"keywords\":[\"Liechtenstein\"],\"articleSection\":[\"F\u00f6rdern &amp; Entwickeln\",\"International\",\"Recherche\"],\"inLanguage\":\"de\",\"potentialAction\":[{\"@type\":\"CommentAction\",\"name\":\"Comment\",\"target\":[\"https:\\\/\\\/spheriq.ch\\\/blog\\\/das-verzeichnis-waechst-liechtenstein-neu-auf-spheriq\\\/#respond\"]}]},{\"@type\":\"WebPage\",\"@id\":\"https:\\\/\\\/spheriq.ch\\\/blog\\\/das-verzeichnis-waechst-liechtenstein-neu-auf-spheriq\\\/\",\"url\":\"https:\\\/\\\/spheriq.ch\\\/blog\\\/das-verzeichnis-waechst-liechtenstein-neu-auf-spheriq\\\/\",\"name\":\"Das Verzeichnis w\u00e4chst: Liechtenstein neu auf\u00a0Spheriq - Spheriq-Blog\",\"isPartOf\":{\"@id\":\"https:\\\/\\\/spheriq.ch\\\/blog\\\/#website\"},\"primaryImageOfPage\":{\"@id\":\"https:\\\/\\\/spheriq.ch\\\/blog\\\/das-verzeichnis-waechst-liechtenstein-neu-auf-spheriq\\\/#primaryimage\"},\"image\":{\"@id\":\"https:\\\/\\\/spheriq.ch\\\/blog\\\/das-verzeichnis-waechst-liechtenstein-neu-auf-spheriq\\\/#primaryimage\"},\"thumbnailUrl\":\"https:\\\/\\\/spheriq.ch\\\/blog\\\/wp-content\\\/uploads\\\/2026\\\/08\\\/Liechtenstein.png\",\"datePublished\":\"2026-08-26T05:25:15+00:00\",\"dateModified\":\"2026-08-26T05:25:16+00:00\",\"author\":{\"@id\":\"https:\\\/\\\/spheriq.ch\\\/blog\\\/#\\\/schema\\\/person\\\/37deca52244cf8f09f9f2b9a45fe55f0\"},\"breadcrumb\":{\"@id\":\"https:\\\/\\\/spheriq.ch\\\/blog\\\/das-verzeichnis-waechst-liechtenstein-neu-auf-spheriq\\\/#breadcrumb\"},\"inLanguage\":\"de\",\"potentialAction\":[{\"@type\":\"ReadAction\",\"target\":[\"https:\\\/\\\/spheriq.ch\\\/blog\\\/das-verzeichnis-waechst-liechtenstein-neu-auf-spheriq\\\/\"]}]},{\"@type\":\"ImageObject\",\"inLanguage\":\"de\",\"@id\":\"https:\\\/\\\/spheriq.ch\\\/blog\\\/das-verzeichnis-waechst-liechtenstein-neu-auf-spheriq\\\/#primaryimage\",\"url\":\"https:\\\/\\\/spheriq.ch\\\/blog\\\/wp-content\\\/uploads\\\/2026\\\/08\\\/Liechtenstein.png\",\"contentUrl\":\"https:\\\/\\\/spheriq.ch\\\/blog\\\/wp-content\\\/uploads\\\/2026\\\/08\\\/Liechtenstein.png\",\"width\":1119,\"height\":687},{\"@type\":\"BreadcrumbList\",\"@id\":\"https:\\\/\\\/spheriq.ch\\\/blog\\\/das-verzeichnis-waechst-liechtenstein-neu-auf-spheriq\\\/#breadcrumb\",\"itemListElement\":[{\"@type\":\"ListItem\",\"position\":1,\"name\":\"Home\",\"item\":\"https:\\\/\\\/spheriq.ch\\\/blog\\\/\"},{\"@type\":\"ListItem\",\"position\":2,\"name\":\"Das Verzeichnis w\u00e4chst: Liechtenstein neu auf\u00a0Spheriq\"}]},{\"@type\":\"WebSite\",\"@id\":\"https:\\\/\\\/spheriq.ch\\\/blog\\\/#website\",\"url\":\"https:\\\/\\\/spheriq.ch\\\/blog\\\/\",\"name\":\"Spheriq-Blog\",\"description\":\"Der Blog f\u00fcr Fundraiser, Stiftungsverwalter, Stiftungsr\u00e4te und alle, die sich f\u00fcr Fragen und Themen rund um den gemeinn\u00fctzigen Sektor interessieren.\",\"potentialAction\":[{\"@type\":\"SearchAction\",\"target\":{\"@type\":\"EntryPoint\",\"urlTemplate\":\"https:\\\/\\\/spheriq.ch\\\/blog\\\/?s={search_term_string}\"},\"query-input\":{\"@type\":\"PropertyValueSpecification\",\"valueRequired\":true,\"valueName\":\"search_term_string\"}}],\"inLanguage\":\"de\"},{\"@type\":\"Person\",\"@id\":\"https:\\\/\\\/spheriq.ch\\\/blog\\\/#\\\/schema\\\/person\\\/37deca52244cf8f09f9f2b9a45fe55f0\",\"name\":\"Yara Ouertani\",\"image\":{\"@type\":\"ImageObject\",\"inLanguage\":\"de\",\"@id\":\"https:\\\/\\\/secure.gravatar.com\\\/avatar\\\/0feeeae4b4cbf835d3b114ef8b4928de6cece896f7d0789f1b6fbebef8bd2a66?s=96&d=mm&r=g\",\"url\":\"https:\\\/\\\/secure.gravatar.com\\\/avatar\\\/0feeeae4b4cbf835d3b114ef8b4928de6cece896f7d0789f1b6fbebef8bd2a66?s=96&d=mm&r=g\",\"contentUrl\":\"https:\\\/\\\/secure.gravatar.com\\\/avatar\\\/0feeeae4b4cbf835d3b114ef8b4928de6cece896f7d0789f1b6fbebef8bd2a66?s=96&d=mm&r=g\",\"caption\":\"Yara Ouertani\"},\"description\":\"Yara Ouertani is responsible for the stakeholder directory and data quality at Spheriq. On her blog, she writes about a wide range of topics related to the company and the foundation landscape.\",\"url\":\"https:\\\/\\\/spheriq.ch\\\/blog\\\/author\\\/yara-miescher\\\/\"}]}<\/script>\n<!-- \/ Yoast SEO plugin. -->","yoast_head_json":{"title":"Das Verzeichnis w\u00e4chst: Liechtenstein neu auf\u00a0Spheriq - Spheriq-Blog","robots":{"index":"index","follow":"follow","max-snippet":"max-snippet:-1","max-image-preview":"max-image-preview:large","max-video-preview":"max-video-preview:-1"},"canonical":"https:\/\/spheriq.ch\/blog\/das-verzeichnis-waechst-liechtenstein-neu-auf-spheriq\/","og_locale":"de_DE","og_type":"article","og_title":"Das Verzeichnis w\u00e4chst: Liechtenstein neu auf\u00a0Spheriq - Spheriq-Blog","og_description":"Die F\u00f6rderlandschaft endet nicht an der Schweizer Grenze. Neu sind auch die gemeinn\u00fctzigen Stiftungen Liechtensteins im&nbsp;Spheriq-Verzeichnis recherchierbar. Damit erweitert sich der Suchraum f\u00fcr&nbsp;Nonprofits&nbsp;und&nbsp;Fundraiser:innen&nbsp;um einen kleinen, aber bedeutenden&nbsp;Philanthropiestandort. Wer F\u00f6rderstiftungen recherchiert, sollte nicht an der Landesgrenze aufh\u00f6ren. Gerade Liechtenstein ist trotz seiner \u00fcberschaubaren Gr\u00f6sse ein bedeutender&nbsp;Philanthropiestandort&nbsp;und&nbsp;damit&nbsp;auch f\u00fcr viele Schweizer&nbsp;Nonprofits&nbsp;ein&nbsp;vielversprechender&nbsp;Teil der F\u00f6rderlandschaft. Ein h\u00e4ufig ge\u00e4usserter Wunsch unserer&nbsp;Nutzer:innen&nbsp;war...","og_url":"https:\/\/spheriq.ch\/blog\/das-verzeichnis-waechst-liechtenstein-neu-auf-spheriq\/","og_site_name":"Spheriq-Blog","article_published_time":"2026-08-26T05:25:15+00:00","article_modified_time":"2026-08-26T05:25:16+00:00","og_image":[{"width":1119,"height":687,"url":"https:\/\/spheriq.ch\/blog\/wp-content\/uploads\/2026\/08\/Liechtenstein.png","type":"image\/png"}],"author":"Yara Ouertani","twitter_card":"summary_large_image","twitter_misc":{"Verfasst von":"Yara Ouertani","Gesch\u00e4tzte Lesezeit":"5\u00a0Minuten"},"schema":{"@context":"https:\/\/schema.org","@graph":[{"@type":"Article","@id":"https:\/\/spheriq.ch\/blog\/das-verzeichnis-waechst-liechtenstein-neu-auf-spheriq\/#article","isPartOf":{"@id":"https:\/\/spheriq.ch\/blog\/das-verzeichnis-waechst-liechtenstein-neu-auf-spheriq\/"},"author":{"name":"Yara Ouertani","@id":"https:\/\/spheriq.ch\/blog\/#\/schema\/person\/37deca52244cf8f09f9f2b9a45fe55f0"},"headline":"Das Verzeichnis w\u00e4chst: Liechtenstein neu auf\u00a0Spheriq","datePublished":"2026-08-26T05:25:15+00:00","dateModified":"2026-08-26T05:25:16+00:00","mainEntityOfPage":{"@id":"https:\/\/spheriq.ch\/blog\/das-verzeichnis-waechst-liechtenstein-neu-auf-spheriq\/"},"wordCount":926,"commentCount":0,"image":{"@id":"https:\/\/spheriq.ch\/blog\/das-verzeichnis-waechst-liechtenstein-neu-auf-spheriq\/#primaryimage"},"thumbnailUrl":"https:\/\/spheriq.ch\/blog\/wp-content\/uploads\/2026\/08\/Liechtenstein.png","keywords":["Liechtenstein"],"articleSection":["F\u00f6rdern &amp; Entwickeln","International","Recherche"],"inLanguage":"de","potentialAction":[{"@type":"CommentAction","name":"Comment","target":["https:\/\/spheriq.ch\/blog\/das-verzeichnis-waechst-liechtenstein-neu-auf-spheriq\/#respond"]}]},{"@type":"WebPage","@id":"https:\/\/spheriq.ch\/blog\/das-verzeichnis-waechst-liechtenstein-neu-auf-spheriq\/","url":"https:\/\/spheriq.ch\/blog\/das-verzeichnis-waechst-liechtenstein-neu-auf-spheriq\/","name":"Das Verzeichnis w\u00e4chst: Liechtenstein neu auf\u00a0Spheriq - Spheriq-Blog","isPartOf":{"@id":"https:\/\/spheriq.ch\/blog\/#website"},"primaryImageOfPage":{"@id":"https:\/\/spheriq.ch\/blog\/das-verzeichnis-waechst-liechtenstein-neu-auf-spheriq\/#primaryimage"},"image":{"@id":"https:\/\/spheriq.ch\/blog\/das-verzeichnis-waechst-liechtenstein-neu-auf-spheriq\/#primaryimage"},"thumbnailUrl":"https:\/\/spheriq.ch\/blog\/wp-content\/uploads\/2026\/08\/Liechtenstein.png","datePublished":"2026-08-26T05:25:15+00:00","dateModified":"2026-08-26T05:25:16+00:00","author":{"@id":"https:\/\/spheriq.ch\/blog\/#\/schema\/person\/37deca52244cf8f09f9f2b9a45fe55f0"},"breadcrumb":{"@id":"https:\/\/spheriq.ch\/blog\/das-verzeichnis-waechst-liechtenstein-neu-auf-spheriq\/#breadcrumb"},"inLanguage":"de","potentialAction":[{"@type":"ReadAction","target":["https:\/\/spheriq.ch\/blog\/das-verzeichnis-waechst-liechtenstein-neu-auf-spheriq\/"]}]},{"@type":"ImageObject","inLanguage":"de","@id":"https:\/\/spheriq.ch\/blog\/das-verzeichnis-waechst-liechtenstein-neu-auf-spheriq\/#primaryimage","url":"https:\/\/spheriq.ch\/blog\/wp-content\/uploads\/2026\/08\/Liechtenstein.png","contentUrl":"https:\/\/spheriq.ch\/blog\/wp-content\/uploads\/2026\/08\/Liechtenstein.png","width":1119,"height":687},{"@type":"BreadcrumbList","@id":"https:\/\/spheriq.ch\/blog\/das-verzeichnis-waechst-liechtenstein-neu-auf-spheriq\/#breadcrumb","itemListElement":[{"@type":"ListItem","position":1,"name":"Home","item":"https:\/\/spheriq.ch\/blog\/"},{"@type":"ListItem","position":2,"name":"Das Verzeichnis w\u00e4chst: Liechtenstein neu auf\u00a0Spheriq"}]},{"@type":"WebSite","@id":"https:\/\/spheriq.ch\/blog\/#website","url":"https:\/\/spheriq.ch\/blog\/","name":"Spheriq-Blog","description":"Der Blog f\u00fcr Fundraiser, Stiftungsverwalter, Stiftungsr\u00e4te und alle, die sich f\u00fcr Fragen und Themen rund um den gemeinn\u00fctzigen Sektor interessieren.","potentialAction":[{"@type":"SearchAction","target":{"@type":"EntryPoint","urlTemplate":"https:\/\/spheriq.ch\/blog\/?s={search_term_string}"},"query-input":{"@type":"PropertyValueSpecification","valueRequired":true,"valueName":"search_term_string"}}],"inLanguage":"de"},{"@type":"Person","@id":"https:\/\/spheriq.ch\/blog\/#\/schema\/person\/37deca52244cf8f09f9f2b9a45fe55f0","name":"Yara Ouertani","image":{"@type":"ImageObject","inLanguage":"de","@id":"https:\/\/secure.gravatar.com\/avatar\/0feeeae4b4cbf835d3b114ef8b4928de6cece896f7d0789f1b6fbebef8bd2a66?s=96&d=mm&r=g","url":"https:\/\/secure.gravatar.com\/avatar\/0feeeae4b4cbf835d3b114ef8b4928de6cece896f7d0789f1b6fbebef8bd2a66?s=96&d=mm&r=g","contentUrl":"https:\/\/secure.gravatar.com\/avatar\/0feeeae4b4cbf835d3b114ef8b4928de6cece896f7d0789f1b6fbebef8bd2a66?s=96&d=mm&r=g","caption":"Yara Ouertani"},"description":"Yara Ouertani is responsible for the stakeholder directory and data quality at Spheriq. On her blog, she writes about a wide range of topics related to the company and the foundation landscape.","url":"https:\/\/spheriq.ch\/blog\/author\/yara-miescher\/"}]}},"_links":{"self":[{"href":"https:\/\/spheriq.ch\/blog\/wp-json\/wp\/v2\/posts\/19865","targetHints":{"allow":["GET"]}}],"collection":[{"href":"https:\/\/spheriq.ch\/blog\/wp-json\/wp\/v2\/posts"}],"about":[{"href":"https:\/\/spheriq.ch\/blog\/wp-json\/wp\/v2\/types\/post"}],"author":[{"embeddable":true,"href":"https:\/\/spheriq.ch\/blog\/wp-json\/wp\/v2\/users\/39"}],"replies":[{"embeddable":true,"href":"https:\/\/spheriq.ch\/blog\/wp-json\/wp\/v2\/comments?post=19865"}],"version-history":[{"count":3,"href":"https:\/\/spheriq.ch\/blog\/wp-json\/wp\/v2\/posts\/19865\/revisions"}],"predecessor-version":[{"id":19874,"href":"https:\/\/spheriq.ch\/blog\/wp-json\/wp\/v2\/posts\/19865\/revisions\/19874"}],"wp:featuredmedia":[{"embeddable":true,"href":"https:\/\/spheriq.ch\/blog\/wp-json\/wp\/v2\/media\/19869"}],"wp:attachment":[{"href":"https:\/\/spheriq.ch\/blog\/wp-json\/wp\/v2\/media?parent=19865"}],"wp:term":[{"taxonomy":"category","embeddable":true,"href":"https:\/\/spheriq.ch\/blog\/wp-json\/wp\/v2\/categories?post=19865"},{"taxonomy":"post_tag","embeddable":true,"href":"https:\/\/spheriq.ch\/blog\/wp-json\/wp\/v2\/tags?post=19865"},{"taxonomy":"post_label","embeddable":true,"href":"https:\/\/spheriq.ch\/blog\/wp-json\/wp\/v2\/post_label?post=19865"}],"curies":[{"name":"wp","href":"https:\/\/api.w.org\/{rel}","templated":true}]}}