{"id":17500,"date":"2026-01-19T10:16:40","date_gmt":"2026-01-19T09:16:40","guid":{"rendered":"https:\/\/spheriq.ch\/blog\/?p=17500"},"modified":"2026-01-19T10:26:32","modified_gmt":"2026-01-19T09:26:32","slug":"verein-gruenden-in-der-schweiz","status":"publish","type":"post","link":"https:\/\/spheriq.ch\/blog\/verein-gruenden-in-der-schweiz\/","title":{"rendered":"Verein gr\u00fcnden in der Schweiz: Wie geht das?"},"content":{"rendered":"\n<figure class=\"wp-block-image size-large card-img-center\"><img loading=\"lazy\" decoding=\"async\" width=\"1024\" height=\"683\" src=\"https:\/\/spheriq.ch\/blog\/wp-content\/uploads\/2025\/12\/verein-gruenden-schweiz-1024x683.jpg\" alt=\"\" class=\"wp-image-17503\" srcset=\"https:\/\/spheriq.ch\/blog\/wp-content\/uploads\/2025\/12\/verein-gruenden-schweiz-1024x683.jpg 1024w, https:\/\/spheriq.ch\/blog\/wp-content\/uploads\/2025\/12\/verein-gruenden-schweiz-300x200.jpg 300w, https:\/\/spheriq.ch\/blog\/wp-content\/uploads\/2025\/12\/verein-gruenden-schweiz-768x512.jpg 768w, https:\/\/spheriq.ch\/blog\/wp-content\/uploads\/2025\/12\/verein-gruenden-schweiz-1536x1024.jpg 1536w, https:\/\/spheriq.ch\/blog\/wp-content\/uploads\/2025\/12\/verein-gruenden-schweiz.jpg 1920w\" sizes=\"auto, (max-width: 1024px) 100vw, 1024px\" \/><\/figure>\n\n\n\n<p class=\"has-medium-font-size\"><strong><strong><strong><strong><strong>Einen Verein zu gr\u00fcnden in der Schweiz ist f\u00fcr viele Initiativen der erste Schritt, um gesellschaftliche Wirkung zu erzielen. Die Rechtsform des Vereins bietet daf\u00fcr einen unkomplizierten Zugang. Wer einen Verein gr\u00fcnden m\u00f6chte, sollte jedoch die rechtlichen Rahmenbedingungen genau kennen.<\/strong><\/strong><\/strong><\/strong><\/strong><\/p>\n\n\n\n<p class=\"has-medium-font-size\">Das Vereinswesen ist in der Schweiz tief verwurzelt. Seit dem 19. Jahrhundert schliessen sich Menschen hierzulande freiwillig zusammen, um gemeinsame ideelle Ziele zu verfolgen: von Sport und Kultur \u00fcber soziale Anliegen bis hin zu politischem Engagement. Heute wird die Zahl der Vereine auf rund 80\u2019000 bis 100\u2019000 gesch\u00e4tzt. Diese hohe Dichte ist kein Zufall. Die verfassungsrechtlich garantierte Vereinigungsfreiheit und die weitgehende Vereinsautonomie machen es m\u00f6glich, einen Verein ohne grossen b\u00fcrokratischen Aufwand zu gr\u00fcnden und flexibel zu organisieren.<\/p>\n\n\n\n<p class=\"has-medium-font-size\">Einen Verein gr\u00fcnden in der Schweiz ist also einfacher, als viele denken. Gerade f\u00fcr gemeinn\u00fctzige Vorhaben bietet die Rechtsform des Vereins eine flexible und rechtlich sichere M\u00f6glichkeit, Wirkung zu entfalten. Wer einen Verein gr\u00fcnden m\u00f6chte, sollte jedoch wissen, welche Voraussetzungen gelten und worin sich gemeinn\u00fctzige Vereine von anderen Vereinsformen unterscheiden.<\/p>\n\n\n\n<h2 class=\"wp-block-heading\"><strong><strong><strong><strong><strong>Warum \u00fcberhaupt einen Verein gr\u00fcnden in der Schweiz?<\/strong><\/strong><\/strong><\/strong><\/strong><\/h2>\n\n\n\n<p style=\"font-size:20px\">Einen Verein zu gr\u00fcnden bedeutet, gemeinsame Ziele in eine rechtlich anerkannte Struktur zu \u00fcberf\u00fchren. Der Verein schafft Verl\u00e4sslichkeit, einerseits nach innen f\u00fcr die Beteiligten und andererseits nach aussen f\u00fcr Partner, F\u00f6rderstellen oder Beh\u00f6rden. In der Schweiz ist der Verein deshalb eine der am h\u00e4ufigsten gew\u00e4hlten Organisationsformen f\u00fcr gemeinschaftliche, nicht gewinnorientierte Aktivit\u00e4ten.<\/p>\n\n\n\n<h3 class=\"wp-block-heading\"><strong>Das sind die Vorteile einer Vereinsgr\u00fcndung in der Schweiz:<\/strong><\/h3>\n\n\n\n<p class=\"has-medium-font-size\"><span style=\"font-family: -webkit-standard; font-size: medium; white-space: normal;\">\u00b7\u00a0<\/span><strong>Rechtliche Selbstst\u00e4ndigkeit:<\/strong>\u00a0Der Verein ist eine eigene juristische Person und kann Vertr\u00e4ge abschliessen, Konten er\u00f6ffnen oder Verpflichtungen eingehen.<br><span style=\"font-family: -webkit-standard; font-size: medium; white-space: normal;\">\u00b7\u00a0<\/span><strong>Begrenzte Haftung:<\/strong>\u00a0In der Regel haftet nur das Vereinsverm\u00f6gen, nicht das Privatverm\u00f6gen der Mitglieder.<br>\u00b7 <strong>Klare Mitwirkung:<\/strong>\u00a0Mitglieder k\u00f6nnen \u00fcber die Mitgliederversammlung aktiv mitbestimmen und die Ausrichtung des Vereins beeinflussen.<br>\u00b7 <strong>Langfristige Handlungsf\u00e4higkeit:<\/strong>\u00a0Projekte sind nicht an einzelne Personen gebunden, sondern institutionell abgesichert.<br>\u00b7 <strong>Finanzierungsm\u00f6glichkeiten:<\/strong>\u00a0Vereine k\u00f6nnen Mitgliederbeitr\u00e4ge erheben, Spenden sammeln und F\u00f6rdergelder beantragen.<\/p>\n\n\n\n<h2 class=\"wp-block-heading\"><strong><strong><strong><strong><strong>Gemeinn\u00fctziger Verein gr\u00fcnden oder nicht?<\/strong><\/strong><\/strong><\/strong><\/strong><\/h2>\n\n\n\n<p class=\"has-medium-font-size\">In der Schweiz k\u00f6nnen ganz unterschiedliche Vereine gegr\u00fcndet werden \u2013 etwa Sport-, Freizeit-, Interessen- oder Berufsvereine. Daneben gibt es Vereine, die gemeinn\u00fctzige Zwecke verfolgen. Gemeinn\u00fctzige Vereine richten ihre T\u00e4tigkeit nicht auf die Interessen ihrer Mitglieder aus, sondern auf das Wohl der Allgemeinheit. Typische Bereiche sind soziale Unterst\u00fctzung, Kultur, Bildung, Umwelt oder Entwicklungszusammenarbeit.<\/p>\n\n\n\n<p class=\"has-medium-font-size\">Ein zentraler Unterschied betrifft die Steuerbefreiung: Nur gemeinn\u00fctzige Vereine k\u00f6nnen bei den kantonalen Steuerbeh\u00f6rden eine Befreiung von der Gewinn- und Kapitalsteuer beantragen.<\/p>\n\n\n\n<p class=\"has-medium-font-size\">Die Voraussetzungen f\u00fcr einen gemeinn\u00fctzigen Verein sind:<\/p>\n\n\n\n<p class=\"has-medium-font-size\">\u00b7 ein selbstloser, ideeller Vereinszweck,<br>\u00b7 keine Aussch\u00fcttung von Gewinnen an Mitglieder,<br>\u00b7 eine tats\u00e4chliche T\u00e4tigkeit im Sinne des gemeinn\u00fctzigen Zwecks und<br>\u00b7 Vereine, die prim\u00e4r den Interessen ihrer Mitglieder dienen (bspw. klassische Sport- oder Hobbyvereine) erf\u00fcllen diese Voraussetzungen in der Regel nicht.<\/p>\n\n\n\n<div class=\"wp-block-columns has-secondary-background-color has-background is-layout-flex wp-container-core-columns-is-layout-9d6595d7 wp-block-columns-is-layout-flex\">\n<div class=\"wp-block-column is-layout-flow wp-block-column-is-layout-flow\" style=\"flex-basis:100%\">\n<div class=\"wp-block-group\"><div class=\"wp-block-group__inner-container is-layout-constrained wp-block-group-is-layout-constrained\">\n<p class=\"has-secondary-background-color has-background has-medium-font-size\">\u27a4 <strong><strong>Sie wollen lieber eine Stiftung gr\u00fcnden?<\/strong><\/strong><br><br>Soll Verm\u00f6gen dauerhaft einem bestimmten Zweck gewidmet werden, kann es sinnvoll sein, eine Stiftung zu gr\u00fcnden. Diese erfordert jedoch ein Mindestkapital von CHF 50\u2019000 und untersteht der staatlichen Aufsicht.&nbsp;<a href=\"https:\/\/spheriq.ch\/blog\/stiftung-gruenden-in-der-schweiz\/\">Hier finden Sie alle Infos zur Stiftungsgr\u00fcndung.<\/a><\/p>\n<\/div><\/div>\n<\/div>\n<\/div>\n\n\n\n<h2 class=\"wp-block-heading\"><strong><strong><strong>Welche Voraussetzungen gelten, um einen Verein in der Schweiz zu gr\u00fcnden?<\/strong><\/strong><\/strong><\/h2>\n\n\n\n<p class=\"has-medium-font-size\">Einen Verein zu gr\u00fcnden in der Schweiz ist rechtlich niederschwellig geregelt. Trotzdem sollten einige grundlegende Punkte vorab gekl\u00e4rt sein:<\/p>\n\n\n\n<p class=\"has-medium-font-size\">\u00b7 Mindestens zwei Gr\u00fcndungsmitglieder<br>\u00b7 Kein erforderliches Startkapital<br>\u00b7 Ein klar definierter, ideeller Vereinszweck<br>\u00b7 Schriftlich abgefasste Statuten<br>\u00b7 Durchf\u00fchrung einer Gr\u00fcndungsversammlung<br>\u00b7 Ordnungsgem\u00e4sse Buchf\u00fchrung und Jahresrechnung<\/p>\n\n\n\n<p class=\"has-medium-font-size\">Die Gr\u00fcndungsmitglieder m\u00fcssen weder Schweizer Staatsb\u00fcrger:innen sein noch ihren Wohnsitz in der Schweiz haben. Auch Minderj\u00e4hrige k\u00f6nnen beteiligt sein, m\u00fcssen aber bei rechtlich verbindlichen Entscheidungen von einer erwachsenen Person vertreten werden.<\/p>\n\n\n\n<p class=\"has-medium-font-size\">Zentral ist auch der Vereinszweck. Er muss ideeller Natur sein, darf also nicht prim\u00e4r auf wirtschaftlichen Gewinn ausgerichtet sein. Ein Verein darf durch wirtschaftliche Aktivit\u00e4ten unterst\u00fctzt werden, solange diese dem Zweck dienen und nicht zur Selbstbereicherung f\u00fchren. Es ist ausserdem wichtig, fr\u00fchzeitig \u00fcber die Finanzierung des Vereins nachzudenken, etwa \u00fcber Mitgliederbeitr\u00e4ge, Spenden oder F\u00f6rdergelder.<\/p>\n\n\n\n<h3 class=\"wp-block-heading\"><strong><strong><strong><strong>Die rechtlichen Grundlagen des Vereins<\/strong><\/strong><\/strong><\/strong><\/h3>\n\n\n\n<p class=\"has-medium-font-size\">Die rechtliche Grundlage f\u00fcr Vereine in der Schweiz bildet das Schweizerische Zivilgesetzbuch (Art. 60 ff. ZGB). Mit der Annahme der Statuten an der Gr\u00fcndungsversammlung entsteht der Verein als juristische Person und ist damit rechtlich selbstst\u00e4ndig. Das oberste Organ des Vereins ist die Mitgliederversammlung. Sie entscheidet \u00fcber grundlegende Fragen, w\u00e4hlt den Vorstand und genehmigt unter anderem Jahresrechnung und Budget. Der Vorstand f\u00fchrt die laufenden Gesch\u00e4fte und vertritt den Verein nach aussen.<\/p>\n\n\n\n<p class=\"has-medium-font-size\">Die schriftlichen Statuten sind zwingend erforderlich. Sie regeln:<\/p>\n\n\n\n<p class=\"has-medium-font-size\">\u00b7 den Vereinszweck<br>\u00b7 die Organisation und die Vereinsorgane<br>\u00b7 die Zust\u00e4ndigkeiten und Entscheidungsprozesse<br>\u00b7 die finanziellen Mittel (z.\u202fB. Mitgliederbeitr\u00e4ge)<\/p>\n\n\n\n<p class=\"has-medium-font-size\">Ein Eintrag ins Handelsregister ist nur dann notwendig, wenn der Verein ein nach kaufm\u00e4nnischer Art gef\u00fchrtes Gewerbe betreibt oder revisionspflichtig ist. F\u00fcr viele gemeinn\u00fctzige Vereine ist der Handelsregistereintrag daher freiwillig.<\/p>\n\n\n\n<h2 class=\"wp-block-heading\"><strong><strong><strong><strong><strong>Schritt f\u00fcr Schritt einen Verein gr\u00fcnden<\/strong><\/strong><\/strong><\/strong><\/strong><\/h2>\n\n\n\n<p class=\"has-medium-font-size\">Der formale Gr\u00fcndungsprozess ist \u00fcberschaubar und l\u00e4sst sich gut planen. Eine sorgf\u00e4ltige Vorbereitung erleichtert den Prozess in jedem Fall. Befolgen Sie diese Schritte, um einen Verein zu gr\u00fcnden:<\/p>\n\n\n\n<p class=\"has-medium-font-size\"><strong>1. Vereinszweck definieren und Statuten ausarbeiten:<\/strong><br>Kl\u00e4ren Sie Ziel, Organisation und Finanzierung des Vereins schriftlich.<\/p>\n\n\n\n<p class=\"has-medium-font-size\"><strong>2. Vereinsname festlegen:&nbsp;<br><\/strong>Der Name des Vereins ist frei w\u00e4hlbar, darf jedoch nicht irref\u00fchrend sein und muss sich klar von bestehenden Vereinsnamen unterscheiden.<\/p>\n\n\n\n<p class=\"has-medium-font-size\"><strong>3. Gr\u00fcndungsmitglieder bestimmen:<br><\/strong>Mindestens zwei Personen m\u00fcssen die Gr\u00fcndung tragen.<\/p>\n\n\n\n<p class=\"has-medium-font-size\"><strong>4. Gr\u00fcndungsversammlung durchf\u00fchren:<br><\/strong>Statuten verabschieden, Vorstand w\u00e4hlen, Gr\u00fcndungsprotokoll erstellen.<\/p>\n\n\n\n<p class=\"has-medium-font-size\"><strong>5. Vereinsbankkonto er\u00f6ffnen:<br><\/strong>F\u00fcr eine saubere Trennung von Vereins- und Privatverm\u00f6gen.<\/p>\n\n\n\n<p class=\"has-medium-font-size\"><strong>6. Organisation aufsetzen:<br><\/strong>Buchhaltung, Datenschutz, interne Abl\u00e4ufe und Zust\u00e4ndigkeiten kl\u00e4ren.<\/p>\n\n\n\n<p class=\"has-medium-font-size\"><strong>7. Steuerbefreiung beantragen (optional):<br><\/strong>Gemeinn\u00fctzige Vereine k\u00f6nnen bei der kantonalen Steuerbeh\u00f6rde einen Antrag stellen, \u00fcber den die kantonale Steuerbeh\u00f6rde nach Pr\u00fcfung entscheidet.<\/p>\n\n\n\n<p class=\"has-medium-font-size\"><strong>8. Handelsregistereintrag pr\u00fcfen (optional):<br><\/strong>Nur erforderlich bei kaufm\u00e4nnischem Gewerbe oder Revisionspflicht.<\/p>\n\n\n\n<h2 class=\"wp-block-heading\" id=\"digitale-Kan\u00e4le\"><strong><strong><strong><strong><strong>Kosten und Pflichten nach der Vereinsgr\u00fcndung<\/strong><\/strong><\/strong><\/strong><\/strong><\/h2>\n\n\n\n<p style=\"font-size:20px\">Die Gr\u00fcndung eines Vereins ist in der Schweiz grunds\u00e4tzlich kostenlos. Kosten entstehen vor allem im laufenden Betrieb, etwa f\u00fcr Buchhaltung, Versicherungen, digitale Infrastruktur (also Website oder Softwares) sowie f\u00fcr Kommunikation und \u00d6ffentlichkeitsarbeit.<\/p>\n\n\n\n<p style=\"font-size:20px\">Unabh\u00e4ngig von einer allf\u00e4lligen Steuerbefreiung ist der Vorstand verpflichtet, eine ordentliche Buchf\u00fchrung zu f\u00fchren und j\u00e4hrlich eine Jahresrechnung zu erstellen. Diese gibt Auskunft \u00fcber Einnahmen, Ausgaben, Verm\u00f6gen und Schulden des Vereins. Gr\u00f6ssere oder wirtschaftlich aktive Vereine k\u00f6nnen zudem revisionspflichtig sein. Das heisst, ihre Jahresrechnung wird von einer unabh\u00e4ngigen Stelle gepr\u00fcft. Auch ohne gesetzliche Pflicht kann eine solche Pr\u00fcfung sinnvoll sein, um Transparenz zu schaffen und das Vertrauen von Spender:innen, F\u00f6rderstellen oder \u00f6ffentlichen Stellen zu st\u00e4rken.<\/p>\n\n\n\n<div style=\"height:56px\" aria-hidden=\"true\" class=\"wp-block-spacer\"><\/div>\n\n\n\n<div class=\"wp-block-columns are-vertically-aligned-center has-background is-layout-flex wp-container-core-columns-is-layout-9d6595d7 wp-block-columns-is-layout-flex\" style=\"background-color:#ff000078\">\n<div class=\"wp-block-column is-vertically-aligned-center is-layout-flow wp-block-column-is-layout-flow\" style=\"flex-basis:100%\">\n<div class=\"wp-block-group is-nowrap is-layout-flex wp-container-core-group-is-layout-ad2f72ca wp-block-group-is-layout-flex\">\n<div style=\"height:94px;width:91px\" aria-hidden=\"true\" class=\"wp-block-spacer wp-container-content-efddc3b2\"><\/div>\n\n\n\n<div class=\"wp-block-group\"><div class=\"wp-block-group__inner-container is-layout-constrained wp-block-group-is-layout-constrained\">\n<p class=\"has-large-font-size\"><strong><br>Verein gr\u00fcnden in der Schweiz<\/strong><\/p>\n\n\n\n<p class=\"has-medium-font-size\"><strong>Einen Verein zu gr\u00fcnden in der Schweiz ist ein bew\u00e4hrter Weg, um gesellschaftliche Wirkung zu erzielen. Gerade f\u00fcr gemeinn\u00fctzige Projekte bietet die Rechtsform des Vereins einen einfachen Einstieg und rechtliche Sicherheit. Wer den Prozess von Anfang an sorgf\u00e4ltig befolgt, schafft eine stabile Grundlage f\u00fcr nachhaltiges Engagement.<\/strong><br><br><strong>Das Wichtigste in K\u00fcrze:<\/strong><br><br><strong>\u27a4 Mindestens zwei Personen gen\u00fcgen, um einen Verein zu gr\u00fcnden<\/strong><\/p>\n\n\n\n<p class=\"has-medium-font-size\"><strong>\u27a4 Kein Startkapital erforderlich<\/strong><\/p>\n\n\n\n<p class=\"has-medium-font-size\"><strong>\u27a4 Schriftliche Statuten sind zwingend<\/strong><\/p>\n\n\n\n<p class=\"has-medium-font-size\"><strong>\u27a4 Steuerbefreiung nur bei Gemeinn\u00fctzigkeit<\/strong><\/p>\n\n\n\n<p class=\"has-medium-font-size\"><strong>\u27a4 Ideal f\u00fcr soziale, kulturelle und gesellschaftliche Zwecke<br><\/strong><br><\/p>\n<\/div><\/div>\n\n\n\n<div style=\"height:94px;width:11px\" aria-hidden=\"true\" class=\"wp-block-spacer wp-container-content-2fc37c9d\"><\/div>\n<\/div>\n<\/div>\n\n\n\n<div class=\"wp-block-column is-vertically-aligned-center is-layout-flow wp-block-column-is-layout-flow\"><\/div>\n<\/div>\n\n\n\n<p><\/p>\n","protected":false},"excerpt":{"rendered":"Einen Verein zu gr\u00fcnden in der Schweiz ist f\u00fcr viele Initiativen der erste Schritt, um gesellschaftliche Wirkung zu erzielen. Die Rechtsform des Vereins bietet daf\u00fcr einen unkomplizierten Zugang. Wer einen Verein gr\u00fcnden m\u00f6chte, sollte jedoch die rechtlichen Rahmenbedingungen genau kennen. Das Vereinswesen ist in der Schweiz tief verwurzelt. Seit dem 19. Jahrhundert schliessen sich Menschen&#8230;","protected":false},"author":49,"featured_media":17503,"comment_status":"open","ping_status":"open","sticky":false,"template":"","format":"standard","meta":{"_acf_changed":false,"footnotes":""},"categories":[522,529],"tags":[],"class_list":["post-17500","post","type-post","status-publish","format-standard","has-post-thumbnail","hentry","category-foerderwissen","category-stiftungsmanagement"],"acf":[],"yoast_head":"<!-- This site is optimized with the Yoast SEO plugin v27.0 - https:\/\/yoast.com\/product\/yoast-seo-wordpress\/ -->\n<title>Verein gr\u00fcnden in der Schweiz: Wie geht das? - Spheriq-Blog<\/title>\n<meta name=\"description\" content=\"Verein gr\u00fcnden in der Schweiz: Schritt-f\u00fcr-Schritt-Anleitung zu Gr\u00fcndung, rechtlichen Grundlagen und Gemeinn\u00fctzigkeit.\" \/>\n<meta name=\"robots\" content=\"index, follow, max-snippet:-1, max-image-preview:large, max-video-preview:-1\" \/>\n<link rel=\"canonical\" href=\"https:\/\/spheriq.ch\/blog\/verein-gruenden-in-der-schweiz\/\" \/>\n<meta property=\"og:locale\" content=\"de_DE\" \/>\n<meta property=\"og:type\" content=\"article\" \/>\n<meta property=\"og:title\" content=\"Verein gr\u00fcnden in der Schweiz: Wie geht das? - Spheriq-Blog\" \/>\n<meta property=\"og:description\" content=\"Verein gr\u00fcnden in der Schweiz: Schritt-f\u00fcr-Schritt-Anleitung zu Gr\u00fcndung, rechtlichen Grundlagen und Gemeinn\u00fctzigkeit.\" \/>\n<meta property=\"og:url\" content=\"https:\/\/spheriq.ch\/blog\/verein-gruenden-in-der-schweiz\/\" \/>\n<meta property=\"og:site_name\" content=\"Spheriq-Blog\" \/>\n<meta property=\"article:published_time\" content=\"2026-01-19T09:16:40+00:00\" \/>\n<meta property=\"article:modified_time\" content=\"2026-01-19T09:26:32+00:00\" \/>\n<meta property=\"og:image\" content=\"https:\/\/spheriq.ch\/blog\/wp-content\/uploads\/2025\/12\/verein-gruenden-schweiz.jpg\" \/>\n\t<meta property=\"og:image:width\" content=\"1920\" \/>\n\t<meta property=\"og:image:height\" content=\"1280\" \/>\n\t<meta property=\"og:image:type\" content=\"image\/jpeg\" \/>\n<meta name=\"author\" content=\"Olivia Sch\u00e4r\" \/>\n<meta name=\"twitter:card\" content=\"summary_large_image\" \/>\n<meta name=\"twitter:label1\" content=\"Verfasst von\" \/>\n\t<meta name=\"twitter:data1\" content=\"Olivia Sch\u00e4r\" \/>\n\t<meta name=\"twitter:label2\" content=\"Gesch\u00e4tzte Lesezeit\" \/>\n\t<meta name=\"twitter:data2\" content=\"7\u00a0Minuten\" \/>\n<script type=\"application\/ld+json\" class=\"yoast-schema-graph\">{\"@context\":\"https:\/\/schema.org\",\"@graph\":[{\"@type\":\"Article\",\"@id\":\"https:\/\/spheriq.ch\/blog\/verein-gruenden-in-der-schweiz\/#article\",\"isPartOf\":{\"@id\":\"https:\/\/spheriq.ch\/blog\/verein-gruenden-in-der-schweiz\/\"},\"author\":{\"name\":\"Olivia Sch\u00e4r\",\"@id\":\"https:\/\/spheriq.ch\/blog\/#\/schema\/person\/c9c59c1a57bf7955576790d53309a5f5\"},\"headline\":\"Verein gr\u00fcnden in der Schweiz: Wie geht das?\",\"datePublished\":\"2026-01-19T09:16:40+00:00\",\"dateModified\":\"2026-01-19T09:26:32+00:00\",\"mainEntityOfPage\":{\"@id\":\"https:\/\/spheriq.ch\/blog\/verein-gruenden-in-der-schweiz\/\"},\"wordCount\":1231,\"commentCount\":0,\"image\":{\"@id\":\"https:\/\/spheriq.ch\/blog\/verein-gruenden-in-der-schweiz\/#primaryimage\"},\"thumbnailUrl\":\"https:\/\/spheriq.ch\/blog\/wp-content\/uploads\/2025\/12\/verein-gruenden-schweiz.jpg\",\"articleSection\":[\"F\u00f6rderwissen\",\"Stiftungsmanagement\"],\"inLanguage\":\"de\",\"potentialAction\":[{\"@type\":\"CommentAction\",\"name\":\"Comment\",\"target\":[\"https:\/\/spheriq.ch\/blog\/verein-gruenden-in-der-schweiz\/#respond\"]}]},{\"@type\":\"WebPage\",\"@id\":\"https:\/\/spheriq.ch\/blog\/verein-gruenden-in-der-schweiz\/\",\"url\":\"https:\/\/spheriq.ch\/blog\/verein-gruenden-in-der-schweiz\/\",\"name\":\"Verein gr\u00fcnden in der Schweiz: Wie geht das? - Spheriq-Blog\",\"isPartOf\":{\"@id\":\"https:\/\/spheriq.ch\/blog\/#website\"},\"primaryImageOfPage\":{\"@id\":\"https:\/\/spheriq.ch\/blog\/verein-gruenden-in-der-schweiz\/#primaryimage\"},\"image\":{\"@id\":\"https:\/\/spheriq.ch\/blog\/verein-gruenden-in-der-schweiz\/#primaryimage\"},\"thumbnailUrl\":\"https:\/\/spheriq.ch\/blog\/wp-content\/uploads\/2025\/12\/verein-gruenden-schweiz.jpg\",\"datePublished\":\"2026-01-19T09:16:40+00:00\",\"dateModified\":\"2026-01-19T09:26:32+00:00\",\"author\":{\"@id\":\"https:\/\/spheriq.ch\/blog\/#\/schema\/person\/c9c59c1a57bf7955576790d53309a5f5\"},\"description\":\"Verein gr\u00fcnden in der Schweiz: Schritt-f\u00fcr-Schritt-Anleitung zu Gr\u00fcndung, rechtlichen Grundlagen und Gemeinn\u00fctzigkeit.\",\"breadcrumb\":{\"@id\":\"https:\/\/spheriq.ch\/blog\/verein-gruenden-in-der-schweiz\/#breadcrumb\"},\"inLanguage\":\"de\",\"potentialAction\":[{\"@type\":\"ReadAction\",\"target\":[\"https:\/\/spheriq.ch\/blog\/verein-gruenden-in-der-schweiz\/\"]}]},{\"@type\":\"ImageObject\",\"inLanguage\":\"de\",\"@id\":\"https:\/\/spheriq.ch\/blog\/verein-gruenden-in-der-schweiz\/#primaryimage\",\"url\":\"https:\/\/spheriq.ch\/blog\/wp-content\/uploads\/2025\/12\/verein-gruenden-schweiz.jpg\",\"contentUrl\":\"https:\/\/spheriq.ch\/blog\/wp-content\/uploads\/2025\/12\/verein-gruenden-schweiz.jpg\",\"width\":1920,\"height\":1280},{\"@type\":\"BreadcrumbList\",\"@id\":\"https:\/\/spheriq.ch\/blog\/verein-gruenden-in-der-schweiz\/#breadcrumb\",\"itemListElement\":[{\"@type\":\"ListItem\",\"position\":1,\"name\":\"Home\",\"item\":\"https:\/\/spheriq.ch\/blog\/\"},{\"@type\":\"ListItem\",\"position\":2,\"name\":\"Verein gr\u00fcnden in der Schweiz: Wie geht das?\"}]},{\"@type\":\"WebSite\",\"@id\":\"https:\/\/spheriq.ch\/blog\/#website\",\"url\":\"https:\/\/spheriq.ch\/blog\/\",\"name\":\"Spheriq-Blog\",\"description\":\"Der Blog f\u00fcr Fundraiser, Stiftungsverwalter, Stiftungsr\u00e4te und alle, die sich f\u00fcr Fragen und Themen rund um den gemeinn\u00fctzigen Sektor interessieren.\",\"potentialAction\":[{\"@type\":\"SearchAction\",\"target\":{\"@type\":\"EntryPoint\",\"urlTemplate\":\"https:\/\/spheriq.ch\/blog\/?s={search_term_string}\"},\"query-input\":{\"@type\":\"PropertyValueSpecification\",\"valueRequired\":true,\"valueName\":\"search_term_string\"}}],\"inLanguage\":\"de\"},{\"@type\":\"Person\",\"@id\":\"https:\/\/spheriq.ch\/blog\/#\/schema\/person\/c9c59c1a57bf7955576790d53309a5f5\",\"name\":\"Olivia Sch\u00e4r\",\"image\":{\"@type\":\"ImageObject\",\"inLanguage\":\"de\",\"@id\":\"https:\/\/spheriq.ch\/blog\/#\/schema\/person\/image\/\",\"url\":\"https:\/\/secure.gravatar.com\/avatar\/0269d2be5c35a6cb88e6f28c5735ebe96a575710e55c0bd0978acad357953ffe?s=96&d=mm&r=g\",\"contentUrl\":\"https:\/\/secure.gravatar.com\/avatar\/0269d2be5c35a6cb88e6f28c5735ebe96a575710e55c0bd0978acad357953ffe?s=96&d=mm&r=g\",\"caption\":\"Olivia Sch\u00e4r\"},\"description\":\"Olivia Sch\u00e4r studierte Anglistik und Kunstgeschichte in Z\u00fcrich sowie Soziolinguistik an der Universit\u00e4t Bern. Als Assistentin am Institut sammelte sie erste Erfahrungen in der Stiftungsarbeit, vornehmlich bei der Antragstellung f\u00fcr wissenschaftliche Projekte. Sie arbeitete mehrere Jahre als Content Editorin und Texterin in Z\u00fcrcher Webagenturen. Zuletzt schloss sie eine journalistische Ausbildung ab mit Stationen im Wissenschaftsjournalismus bei SRF sowie als Video-Reporterin und Redakteurin bei CH Media. Aktuell ist sie im Content-Bereich und Digital Marketing bei Spheriq t\u00e4tig.\",\"url\":\"https:\/\/spheriq.ch\/blog\/author\/olivia-schaer\/\"}]}<\/script>\n<!-- \/ Yoast SEO plugin. -->","yoast_head_json":{"title":"Verein gr\u00fcnden in der Schweiz: Wie geht das? - Spheriq-Blog","description":"Verein gr\u00fcnden in der Schweiz: Schritt-f\u00fcr-Schritt-Anleitung zu Gr\u00fcndung, rechtlichen Grundlagen und Gemeinn\u00fctzigkeit.","robots":{"index":"index","follow":"follow","max-snippet":"max-snippet:-1","max-image-preview":"max-image-preview:large","max-video-preview":"max-video-preview:-1"},"canonical":"https:\/\/spheriq.ch\/blog\/verein-gruenden-in-der-schweiz\/","og_locale":"de_DE","og_type":"article","og_title":"Verein gr\u00fcnden in der Schweiz: Wie geht das? - Spheriq-Blog","og_description":"Verein gr\u00fcnden in der Schweiz: Schritt-f\u00fcr-Schritt-Anleitung zu Gr\u00fcndung, rechtlichen Grundlagen und Gemeinn\u00fctzigkeit.","og_url":"https:\/\/spheriq.ch\/blog\/verein-gruenden-in-der-schweiz\/","og_site_name":"Spheriq-Blog","article_published_time":"2026-01-19T09:16:40+00:00","article_modified_time":"2026-01-19T09:26:32+00:00","og_image":[{"width":1920,"height":1280,"url":"https:\/\/spheriq.ch\/blog\/wp-content\/uploads\/2025\/12\/verein-gruenden-schweiz.jpg","type":"image\/jpeg"}],"author":"Olivia Sch\u00e4r","twitter_card":"summary_large_image","twitter_misc":{"Verfasst von":"Olivia Sch\u00e4r","Gesch\u00e4tzte Lesezeit":"7\u00a0Minuten"},"schema":{"@context":"https:\/\/schema.org","@graph":[{"@type":"Article","@id":"https:\/\/spheriq.ch\/blog\/verein-gruenden-in-der-schweiz\/#article","isPartOf":{"@id":"https:\/\/spheriq.ch\/blog\/verein-gruenden-in-der-schweiz\/"},"author":{"name":"Olivia Sch\u00e4r","@id":"https:\/\/spheriq.ch\/blog\/#\/schema\/person\/c9c59c1a57bf7955576790d53309a5f5"},"headline":"Verein gr\u00fcnden in der Schweiz: Wie geht das?","datePublished":"2026-01-19T09:16:40+00:00","dateModified":"2026-01-19T09:26:32+00:00","mainEntityOfPage":{"@id":"https:\/\/spheriq.ch\/blog\/verein-gruenden-in-der-schweiz\/"},"wordCount":1231,"commentCount":0,"image":{"@id":"https:\/\/spheriq.ch\/blog\/verein-gruenden-in-der-schweiz\/#primaryimage"},"thumbnailUrl":"https:\/\/spheriq.ch\/blog\/wp-content\/uploads\/2025\/12\/verein-gruenden-schweiz.jpg","articleSection":["F\u00f6rderwissen","Stiftungsmanagement"],"inLanguage":"de","potentialAction":[{"@type":"CommentAction","name":"Comment","target":["https:\/\/spheriq.ch\/blog\/verein-gruenden-in-der-schweiz\/#respond"]}]},{"@type":"WebPage","@id":"https:\/\/spheriq.ch\/blog\/verein-gruenden-in-der-schweiz\/","url":"https:\/\/spheriq.ch\/blog\/verein-gruenden-in-der-schweiz\/","name":"Verein gr\u00fcnden in der Schweiz: Wie geht das? - Spheriq-Blog","isPartOf":{"@id":"https:\/\/spheriq.ch\/blog\/#website"},"primaryImageOfPage":{"@id":"https:\/\/spheriq.ch\/blog\/verein-gruenden-in-der-schweiz\/#primaryimage"},"image":{"@id":"https:\/\/spheriq.ch\/blog\/verein-gruenden-in-der-schweiz\/#primaryimage"},"thumbnailUrl":"https:\/\/spheriq.ch\/blog\/wp-content\/uploads\/2025\/12\/verein-gruenden-schweiz.jpg","datePublished":"2026-01-19T09:16:40+00:00","dateModified":"2026-01-19T09:26:32+00:00","author":{"@id":"https:\/\/spheriq.ch\/blog\/#\/schema\/person\/c9c59c1a57bf7955576790d53309a5f5"},"description":"Verein gr\u00fcnden in der Schweiz: Schritt-f\u00fcr-Schritt-Anleitung zu Gr\u00fcndung, rechtlichen Grundlagen und Gemeinn\u00fctzigkeit.","breadcrumb":{"@id":"https:\/\/spheriq.ch\/blog\/verein-gruenden-in-der-schweiz\/#breadcrumb"},"inLanguage":"de","potentialAction":[{"@type":"ReadAction","target":["https:\/\/spheriq.ch\/blog\/verein-gruenden-in-der-schweiz\/"]}]},{"@type":"ImageObject","inLanguage":"de","@id":"https:\/\/spheriq.ch\/blog\/verein-gruenden-in-der-schweiz\/#primaryimage","url":"https:\/\/spheriq.ch\/blog\/wp-content\/uploads\/2025\/12\/verein-gruenden-schweiz.jpg","contentUrl":"https:\/\/spheriq.ch\/blog\/wp-content\/uploads\/2025\/12\/verein-gruenden-schweiz.jpg","width":1920,"height":1280},{"@type":"BreadcrumbList","@id":"https:\/\/spheriq.ch\/blog\/verein-gruenden-in-der-schweiz\/#breadcrumb","itemListElement":[{"@type":"ListItem","position":1,"name":"Home","item":"https:\/\/spheriq.ch\/blog\/"},{"@type":"ListItem","position":2,"name":"Verein gr\u00fcnden in der Schweiz: Wie geht das?"}]},{"@type":"WebSite","@id":"https:\/\/spheriq.ch\/blog\/#website","url":"https:\/\/spheriq.ch\/blog\/","name":"Spheriq-Blog","description":"Der Blog f\u00fcr Fundraiser, Stiftungsverwalter, Stiftungsr\u00e4te und alle, die sich f\u00fcr Fragen und Themen rund um den gemeinn\u00fctzigen Sektor interessieren.","potentialAction":[{"@type":"SearchAction","target":{"@type":"EntryPoint","urlTemplate":"https:\/\/spheriq.ch\/blog\/?s={search_term_string}"},"query-input":{"@type":"PropertyValueSpecification","valueRequired":true,"valueName":"search_term_string"}}],"inLanguage":"de"},{"@type":"Person","@id":"https:\/\/spheriq.ch\/blog\/#\/schema\/person\/c9c59c1a57bf7955576790d53309a5f5","name":"Olivia Sch\u00e4r","image":{"@type":"ImageObject","inLanguage":"de","@id":"https:\/\/spheriq.ch\/blog\/#\/schema\/person\/image\/","url":"https:\/\/secure.gravatar.com\/avatar\/0269d2be5c35a6cb88e6f28c5735ebe96a575710e55c0bd0978acad357953ffe?s=96&d=mm&r=g","contentUrl":"https:\/\/secure.gravatar.com\/avatar\/0269d2be5c35a6cb88e6f28c5735ebe96a575710e55c0bd0978acad357953ffe?s=96&d=mm&r=g","caption":"Olivia Sch\u00e4r"},"description":"Olivia Sch\u00e4r studierte Anglistik und Kunstgeschichte in Z\u00fcrich sowie Soziolinguistik an der Universit\u00e4t Bern. Als Assistentin am Institut sammelte sie erste Erfahrungen in der Stiftungsarbeit, vornehmlich bei der Antragstellung f\u00fcr wissenschaftliche Projekte. Sie arbeitete mehrere Jahre als Content Editorin und Texterin in Z\u00fcrcher Webagenturen. Zuletzt schloss sie eine journalistische Ausbildung ab mit Stationen im Wissenschaftsjournalismus bei SRF sowie als Video-Reporterin und Redakteurin bei CH Media. Aktuell ist sie im Content-Bereich und Digital Marketing bei Spheriq t\u00e4tig.","url":"https:\/\/spheriq.ch\/blog\/author\/olivia-schaer\/"}]}},"_links":{"self":[{"href":"https:\/\/spheriq.ch\/blog\/wp-json\/wp\/v2\/posts\/17500","targetHints":{"allow":["GET"]}}],"collection":[{"href":"https:\/\/spheriq.ch\/blog\/wp-json\/wp\/v2\/posts"}],"about":[{"href":"https:\/\/spheriq.ch\/blog\/wp-json\/wp\/v2\/types\/post"}],"author":[{"embeddable":true,"href":"https:\/\/spheriq.ch\/blog\/wp-json\/wp\/v2\/users\/49"}],"replies":[{"embeddable":true,"href":"https:\/\/spheriq.ch\/blog\/wp-json\/wp\/v2\/comments?post=17500"}],"version-history":[{"count":10,"href":"https:\/\/spheriq.ch\/blog\/wp-json\/wp\/v2\/posts\/17500\/revisions"}],"predecessor-version":[{"id":17532,"href":"https:\/\/spheriq.ch\/blog\/wp-json\/wp\/v2\/posts\/17500\/revisions\/17532"}],"wp:featuredmedia":[{"embeddable":true,"href":"https:\/\/spheriq.ch\/blog\/wp-json\/wp\/v2\/media\/17503"}],"wp:attachment":[{"href":"https:\/\/spheriq.ch\/blog\/wp-json\/wp\/v2\/media?parent=17500"}],"wp:term":[{"taxonomy":"category","embeddable":true,"href":"https:\/\/spheriq.ch\/blog\/wp-json\/wp\/v2\/categories?post=17500"},{"taxonomy":"post_tag","embeddable":true,"href":"https:\/\/spheriq.ch\/blog\/wp-json\/wp\/v2\/tags?post=17500"}],"curies":[{"name":"wp","href":"https:\/\/api.w.org\/{rel}","templated":true}]}}