{"id":19894,"date":"2026-07-17T18:58:39","date_gmt":"2026-07-17T16:58:39","guid":{"rendered":"https:\/\/spheriq.ch\/blog\/la-democratie-nest-pas-un-projet\/"},"modified":"2026-08-25T14:47:03","modified_gmt":"2026-08-25T12:47:03","slug":"la-democratie-nest-pas-un-projet","status":"publish","type":"post","link":"https:\/\/spheriq.ch\/blog\/fr\/la-democratie-nest-pas-un-projet\/","title":{"rendered":"La d\u00e9mocratie n&rsquo;est pas un projet"},"content":{"rendered":"\n<p class=\"is-style-lead wp-block-paragraph\">Deux initiatives remarquables illustrent comment la philanthropie strat\u00e9gique peut ancrer la participation de mani\u00e8re syst\u00e9mique : \u00ab Talking Stick \u00bb favorise la participation des migrant\u00b7e\u00b7s, tandis qu\u2019un conseil populaire r\u00e9cemment cr\u00e9\u00e9 \u00e0 B\u00e2le vise \u00e0 associer les personnes priv\u00e9es du droit de vote et d\u2019\u00e9ligibilit\u00e9 au processus de prise de d\u00e9cision politique. Ces deux concepts ont besoin d&rsquo;un soutien financier institutionnel.<\/p>\n\n<p class=\"wp-block-paragraph\"><a href=\"https:\/\/integrationsbruecke.ch\/2025\/09\/22\/projekt-talking-stick\/\">B\u00e2ton de parole  <\/a>Ce projet a \u00e9t\u00e9 lanc\u00e9 dans le but d\u2019\u00e9laborer un guide pratique intitul\u00e9 \u00ab Espace de participation \u00bb, destin\u00e9 \u00e0 permettre une participation effective des personnes issues de l\u2019immigration. L\u2019organisation IntegrationsBr\u00fccke Bern a \u00e9labor\u00e9 ce guide en collaboration avec 150 personnes issues de l\u2019immigration, r\u00e9parties en sept groupes de dialogue et s\u2019exprimant en neuf langues, sur une p\u00e9riode de deux ans. La Commission f\u00e9d\u00e9rale pour les questions de migration, le Pour-cent culturel Migros, les fondations Beisheim et Temperatio ainsi que la Soci\u00e9t\u00e9 suisse d\u2019utilit\u00e9 publique (SSUP) ont rendu ces travaux possibles. Ils ont soutenu le projet, et par l\u00e0 m\u00eame les personnes impliqu\u00e9es, afin de tirer des enseignements sur ces processus. Le soutien financier s\u2019est notamment concentr\u00e9 sur les indemnit\u00e9s de pr\u00e9sence, la garde d\u2019enfants, les repas et les frais consid\u00e9r\u00e9s comme des \u00abfrais g\u00e9n\u00e9raux\u00bb par les organisations de soutien. Le concept \u00ab Talking Stick \u00bb montre que <strong>garantir<\/strong> la <strong>participation de personnes structurellement exclues constitue le v\u00e9ritable travail, et non le processus d\u2019accompagnement.<\/strong> Ce n\u2019est pas quelque chose qui se fait tout seul. Le travail de m\u00e9diation instaure la confiance, facilite la communication, va \u00e0 la rencontre des personnes l\u00e0 o\u00f9 elles vivent et fait le lien entre les langues et les perspectives. <br\/><\/p>\n\n<h3 id=\"ecart-systemique-entre-les-connaissances-et-leur-mise-en-oeuvre\"  class=\"wp-block-heading\"><strong>\u00c9cart syst\u00e9mique entre les connaissances et leur mise en \u0153uvre<\/strong><\/h3>\n\n<p class=\"wp-block-paragraph\">Il est difficile d\u2019admettre qu\u2019un plan de construction pr\u00e9cis est n\u00e9cessaire, mais pas suffisant. Talking Stick l\u2019exprime ainsi : \u00ab Le guide est comme le plan de construction d\u2019un train complexe. Ce n\u2019est pas parce que l\u2019on poss\u00e8de le plan que l\u2019on peut pour autant construire un train. Il faut des outils sp\u00e9cialis\u00e9s, un savoir-faire et une infrastructure solide. \u00bb  <\/p>\n\n<p class=\"wp-block-paragraph\"><strong>En d\u2019autres termes :<\/strong> il existe un foss\u00e9 entre la conception th\u00e9orique et la capacit\u00e9 de mise en \u0153uvre, qui ne peut \u00eatre combl\u00e9 que par un soutien financier continu, s\u2019\u00e9talant sur plusieurs ann\u00e9es. Ce concept fonctionne parce que des partenaires tels <a href=\"https:\/\/integrationsbruecke.ch\/\">qu\u2019IntegrationsBr\u00fccke Bern<\/a> avaient d\u00e9j\u00e0 \u00e9tabli des liens avec les communaut\u00e9s. Ce travail pr\u00e9paratoire est d\u00e9terminant. La participation des groupes marginalis\u00e9s ne n\u00e9cessite pas de standardisation, mais une sp\u00e9cialisation. Et cela a un co\u00fbt. Ce constat est <a href=\"https:\/\/bevoelkerungsrat-basel.ch\/\">certainement pertinent \u00e9galement pour le futur Conseil de la population \u00e0 B\u00e2le <\/a>.<\/p>\n\n<h3 id=\"le-conseil-de-la-population-de-bale-et-la-question-de-la-legitimite\"  class=\"wp-block-heading\"><strong>Le Conseil de la population de B\u00e2le et la question de la l\u00e9gitimit\u00e9<\/strong><\/h3>\n\n<p class=\"wp-block-paragraph\">Le Conseil de la population de B\u00e2le aborde \u00e9galement un probl\u00e8me structurel. Seuls 49,7 % de la population b\u00e2loise sont habilit\u00e9s \u00e0 voter et, parmi les personnes habilit\u00e9es, environ 44 % seulement exercent activement leurs droits politiques. De fait, seul un quart environ de la population se prononce sur les questions politiques. Alors que Talking Stick pose la question suivante : \u00ab Comment toucher les gens ? \u00bb, le Conseil de la population se demande : \u00ab Comment ancrer la participation sur les plans juridique et politique ? \u00bb Comment fonctionne une d\u00e9mocratie qui impose des obligations ? <\/p>\n\n<p class=\"wp-block-paragraph\">Il convient d\u00e9sormais d&rsquo;\u00e9valuer et d&rsquo;examiner les moyens permettant d&rsquo;asseoir la l\u00e9gitimit\u00e9 d&rsquo;un conseil populaire. Le principe est simple : des personnes tir\u00e9es au sort se prononcent sur des questions politiques. Cependant, ce n&rsquo;est que lorsque ses recommandations sont r\u00e9ellement prises en compte que ce concept d\u00e9ploie pleinement ses effets.  <\/p>\n\n<p class=\"wp-block-paragraph\">Dans le cadre du projet pilote de B\u00e2le, on cherche des solutions permettant d\u2019int\u00e9grer des conseils populaires dans les processus d\u00e9cisionnels existants, de mani\u00e8re \u00e0 ce que le Parlement, le gouvernement et l\u2019administration soient tenus de prendre ces recommandations au s\u00e9rieux. L\u2019objectif n\u2019est pas de remplacer la d\u00e9mocratie parlementaire, mais de la compl\u00e9ter de mani\u00e8re cibl\u00e9e.<\/p>\n\n<p class=\"wp-block-paragraph\">Une telle structure n\u00e9cessite beaucoup de ressources, tout comme c&rsquo;est le cas pour Talking Stick. Apr\u00e8s le premier grand \u00e9v\u00e9nement inaugural organis\u00e9 \u00e0 la Safranzunft de B\u00e2le, il faut des ressources pour rassembler de mani\u00e8re vari\u00e9e des personnes tr\u00e8s diff\u00e9rentes : jeunes et moins jeunes, universitaires, ouvriers, Suisses et migrants. Il faut \u00e9galement pouvoir acc\u00e9der aux communaut\u00e9s concern\u00e9es et disposer de fonds pour mener des recherches et affiner les processus. Outre un financement par une fondation, l\u2019\u00e9quipe \u00e0 l\u2019origine du Conseil de la population de B\u00e2le mise sur une \u00ab copropri\u00e9t\u00e9 \u00bb (petits dons) par le biais de parts sociales. L\u2019objectif est de mettre en place une structure institutionnelle p\u00e9renne.  <\/p>\n\n<h3 id=\"comparaison-des-deux-concepts\"  class=\"wp-block-heading\">Comparaison des deux concepts<\/h3>\n\n<figure class=\"wp-block-table\"><table class=\"has-fixed-layout\"><tbody><tr><td><strong>DIMENSION<\/strong><\/td><td><strong>TALKING STICK<\/strong><\/td><td><strong>CONSEIL DE LA POPULATION DE B\u00c2LE<\/strong><\/td><\/tr><tr><td><strong>probl\u00e8me fondamental<\/strong><\/td><td>Exclusion de participants<\/td><td>Manque de l\u00e9gitimit\u00e9 des d\u00e9cisions<\/td><\/tr><tr><td><strong>Approche de solution<\/strong><\/td><td>Acc\u00e8s par l&rsquo;interm\u00e9diaire d&rsquo;un courtier<\/td><td>Une structure gr\u00e2ce \u00e0 l&rsquo;institutionnalisation<\/td><\/tr><tr><td><strong>Logique financi\u00e8re<\/strong><\/td><td>Frais de proc\u00e9dure et indemnisation<\/td><td>Hybride : parts sociales + partenaires institutionnels<\/td><\/tr><tr><td><strong>Calendrier<\/strong><\/td><td>Phase d&rsquo;atelier limit\u00e9e<\/td><td>Int\u00e9gration continue<\/td><\/tr><tr><td><strong>Mise \u00e0 l&rsquo;\u00e9chelle<\/strong><\/td><td>Multiplier le savoir-faire<\/td><td>Projet pilote \u2192 consolidation juridique<\/td><\/tr><tr><td><strong>crit\u00e8re de r\u00e9ussite<\/strong><\/td><td>Pratiques de participation inclusives<\/td><td>Un droit de participation inscrit de mani\u00e8re contraignante<\/td><\/tr><\/tbody><\/table><\/figure>\n\n<p class=\"wp-block-paragraph\"><\/p>\n","protected":false},"excerpt":{"rendered":"Deux initiatives remarquables illustrent comment la philanthropie strat\u00e9gique peut ancrer la participation de mani\u00e8re syst\u00e9mique : \u00ab Talking Stick \u00bb encourage la participation des migrant\u00b7e\u00b7s, tandis qu\u2019un conseil populaire r\u00e9cemment cr\u00e9\u00e9 \u00e0 B\u00e2le vise \u00e0 associer les personnes priv\u00e9es du droit de vote et d\u2019expression \u00e0 la prise de d\u00e9cision politique. Ces deux concepts ont besoin d\u2019un soutien financier institutionnel.","protected":false},"author":51,"featured_media":19409,"comment_status":"open","ping_status":"open","sticky":false,"template":"","format":"image","meta":{"_acf_changed":false,"footnotes":""},"categories":[1181,575,563,1199],"tags":[703,646],"post_label":[1090],"class_list":["post-19894","post","type-post","status-publish","format-image","has-post-thumbnail","hentry","category-accompagnement-et-developpement","category-du-secteur","category-news","category-societe","tag-fondation-fr","tag-npo-fr","post_format-post-format-image","post_label-the-philanthropist"],"acf":[],"yoast_head":"<!-- This site is optimized with the Yoast SEO plugin v28.2 - https:\/\/yoast.com\/product\/yoast-seo-wordpress\/ -->\n<title>La d\u00e9mocratie n&#039;est pas un projet - Spheriq-Blog<\/title>\n<meta name=\"robots\" content=\"index, follow, max-snippet:-1, max-image-preview:large, max-video-preview:-1\" \/>\n<link rel=\"canonical\" href=\"https:\/\/spheriq.ch\/blog\/fr\/la-democratie-nest-pas-un-projet\/\" \/>\n<meta property=\"og:locale\" content=\"fr_FR\" \/>\n<meta property=\"og:type\" content=\"article\" \/>\n<meta property=\"og:title\" content=\"La d\u00e9mocratie n&#039;est pas un projet - Spheriq-Blog\" \/>\n<meta property=\"og:description\" content=\"Deux initiatives remarquables illustrent comment la philanthropie strat\u00e9gique peut ancrer la participation de mani\u00e8re syst\u00e9mique : \u00ab Talking Stick \u00bb encourage la participation des migrant\u00b7e\u00b7s, tandis qu\u2019un conseil populaire r\u00e9cemment cr\u00e9\u00e9 \u00e0 B\u00e2le vise \u00e0 associer les personnes priv\u00e9es du droit de vote et d\u2019expression \u00e0 la prise de d\u00e9cision politique. Ces deux concepts ont besoin d\u2019un soutien financier institutionnel.\" \/>\n<meta property=\"og:url\" content=\"https:\/\/spheriq.ch\/blog\/fr\/la-democratie-nest-pas-un-projet\/\" \/>\n<meta property=\"og:site_name\" content=\"Spheriq-Blog\" \/>\n<meta property=\"article:published_time\" content=\"2026-07-17T16:58:39+00:00\" \/>\n<meta property=\"article:modified_time\" content=\"2026-08-25T12:47:03+00:00\" \/>\n<meta property=\"og:image\" content=\"https:\/\/spheriq.ch\/blog\/wp-content\/uploads\/2026\/07\/siena-nisavic-JIOj7sNQyqg-unsplash.jpg\" \/>\n\t<meta property=\"og:image:width\" content=\"1200\" \/>\n\t<meta property=\"og:image:height\" content=\"675\" \/>\n\t<meta property=\"og:image:type\" content=\"image\/jpeg\" \/>\n<meta name=\"author\" content=\"Susanne Sugimoto\" \/>\n<meta name=\"twitter:card\" content=\"summary_large_image\" \/>\n<meta name=\"twitter:label1\" content=\"\u00c9crit par\" \/>\n\t<meta name=\"twitter:data1\" content=\"Susanne Sugimoto\" \/>\n\t<meta name=\"twitter:label2\" content=\"Dur\u00e9e de lecture estim\u00e9e\" \/>\n\t<meta name=\"twitter:data2\" content=\"4 minutes\" \/>\n<script type=\"application\/ld+json\" class=\"yoast-schema-graph\">{\"@context\":\"https:\\\/\\\/schema.org\",\"@graph\":[{\"@type\":\"Article\",\"@id\":\"https:\\\/\\\/spheriq.ch\\\/blog\\\/fr\\\/la-democratie-nest-pas-un-projet\\\/#article\",\"isPartOf\":{\"@id\":\"https:\\\/\\\/spheriq.ch\\\/blog\\\/fr\\\/la-democratie-nest-pas-un-projet\\\/\"},\"author\":{\"name\":\"Susanne Sugimoto\",\"@id\":\"https:\\\/\\\/spheriq.ch\\\/blog\\\/fr\\\/#\\\/schema\\\/person\\\/91c63f93ff4968f19a4e7896acec3c0f\"},\"headline\":\"La d\u00e9mocratie n&rsquo;est pas un projet\",\"datePublished\":\"2026-07-17T16:58:39+00:00\",\"dateModified\":\"2026-08-25T12:47:03+00:00\",\"mainEntityOfPage\":{\"@id\":\"https:\\\/\\\/spheriq.ch\\\/blog\\\/fr\\\/la-democratie-nest-pas-un-projet\\\/\"},\"wordCount\":937,\"commentCount\":0,\"image\":{\"@id\":\"https:\\\/\\\/spheriq.ch\\\/blog\\\/fr\\\/la-democratie-nest-pas-un-projet\\\/#primaryimage\"},\"thumbnailUrl\":\"https:\\\/\\\/spheriq.ch\\\/blog\\\/wp-content\\\/uploads\\\/2026\\\/07\\\/siena-nisavic-JIOj7sNQyqg-unsplash.jpg\",\"keywords\":[\"Fondation\",\"NPO\"],\"articleSection\":[\"Accompagnement et d\u00e9veloppement\",\"Du secteur\",\"News\",\"Soci\u00e9t\u00e9\"],\"inLanguage\":\"fr-FR\",\"potentialAction\":[{\"@type\":\"CommentAction\",\"name\":\"Comment\",\"target\":[\"https:\\\/\\\/spheriq.ch\\\/blog\\\/fr\\\/la-democratie-nest-pas-un-projet\\\/#respond\"]}]},{\"@type\":\"WebPage\",\"@id\":\"https:\\\/\\\/spheriq.ch\\\/blog\\\/fr\\\/la-democratie-nest-pas-un-projet\\\/\",\"url\":\"https:\\\/\\\/spheriq.ch\\\/blog\\\/fr\\\/la-democratie-nest-pas-un-projet\\\/\",\"name\":\"La d\u00e9mocratie n'est pas un projet - Spheriq-Blog\",\"isPartOf\":{\"@id\":\"https:\\\/\\\/spheriq.ch\\\/blog\\\/fr\\\/#website\"},\"primaryImageOfPage\":{\"@id\":\"https:\\\/\\\/spheriq.ch\\\/blog\\\/fr\\\/la-democratie-nest-pas-un-projet\\\/#primaryimage\"},\"image\":{\"@id\":\"https:\\\/\\\/spheriq.ch\\\/blog\\\/fr\\\/la-democratie-nest-pas-un-projet\\\/#primaryimage\"},\"thumbnailUrl\":\"https:\\\/\\\/spheriq.ch\\\/blog\\\/wp-content\\\/uploads\\\/2026\\\/07\\\/siena-nisavic-JIOj7sNQyqg-unsplash.jpg\",\"datePublished\":\"2026-07-17T16:58:39+00:00\",\"dateModified\":\"2026-08-25T12:47:03+00:00\",\"author\":{\"@id\":\"https:\\\/\\\/spheriq.ch\\\/blog\\\/fr\\\/#\\\/schema\\\/person\\\/91c63f93ff4968f19a4e7896acec3c0f\"},\"breadcrumb\":{\"@id\":\"https:\\\/\\\/spheriq.ch\\\/blog\\\/fr\\\/la-democratie-nest-pas-un-projet\\\/#breadcrumb\"},\"inLanguage\":\"fr-FR\",\"potentialAction\":[{\"@type\":\"ReadAction\",\"target\":[\"https:\\\/\\\/spheriq.ch\\\/blog\\\/fr\\\/la-democratie-nest-pas-un-projet\\\/\"]}]},{\"@type\":\"ImageObject\",\"inLanguage\":\"fr-FR\",\"@id\":\"https:\\\/\\\/spheriq.ch\\\/blog\\\/fr\\\/la-democratie-nest-pas-un-projet\\\/#primaryimage\",\"url\":\"https:\\\/\\\/spheriq.ch\\\/blog\\\/wp-content\\\/uploads\\\/2026\\\/07\\\/siena-nisavic-JIOj7sNQyqg-unsplash.jpg\",\"contentUrl\":\"https:\\\/\\\/spheriq.ch\\\/blog\\\/wp-content\\\/uploads\\\/2026\\\/07\\\/siena-nisavic-JIOj7sNQyqg-unsplash.jpg\",\"width\":1200,\"height\":675,\"caption\":\"Symbolbild: Siena Nisavic, unsplash\"},{\"@type\":\"BreadcrumbList\",\"@id\":\"https:\\\/\\\/spheriq.ch\\\/blog\\\/fr\\\/la-democratie-nest-pas-un-projet\\\/#breadcrumb\",\"itemListElement\":[{\"@type\":\"ListItem\",\"position\":1,\"name\":\"Home\",\"item\":\"https:\\\/\\\/spheriq.ch\\\/blog\\\/fr\\\/\"},{\"@type\":\"ListItem\",\"position\":2,\"name\":\"La d\u00e9mocratie n&rsquo;est pas un projet\"}]},{\"@type\":\"WebSite\",\"@id\":\"https:\\\/\\\/spheriq.ch\\\/blog\\\/fr\\\/#website\",\"url\":\"https:\\\/\\\/spheriq.ch\\\/blog\\\/fr\\\/\",\"name\":\"Spheriq-Blog\",\"description\":\"Der Blog f\u00fcr Fundraiser, Stiftungsverwalter, Stiftungsr\u00e4te und alle, die sich f\u00fcr Fragen und Themen rund um den gemeinn\u00fctzigen Sektor interessieren.\",\"potentialAction\":[{\"@type\":\"SearchAction\",\"target\":{\"@type\":\"EntryPoint\",\"urlTemplate\":\"https:\\\/\\\/spheriq.ch\\\/blog\\\/fr\\\/?s={search_term_string}\"},\"query-input\":{\"@type\":\"PropertyValueSpecification\",\"valueRequired\":true,\"valueName\":\"search_term_string\"}}],\"inLanguage\":\"fr-FR\"},{\"@type\":\"Person\",\"@id\":\"https:\\\/\\\/spheriq.ch\\\/blog\\\/fr\\\/#\\\/schema\\\/person\\\/91c63f93ff4968f19a4e7896acec3c0f\",\"name\":\"Susanne Sugimoto\",\"image\":{\"@type\":\"ImageObject\",\"inLanguage\":\"fr-FR\",\"@id\":\"https:\\\/\\\/secure.gravatar.com\\\/avatar\\\/5ac7a76228de58c4fbbb429fda14a638d10c5b63564864c1f29c2b8fd09a298b?s=96&d=mm&r=g\",\"url\":\"https:\\\/\\\/secure.gravatar.com\\\/avatar\\\/5ac7a76228de58c4fbbb429fda14a638d10c5b63564864c1f29c2b8fd09a298b?s=96&d=mm&r=g\",\"contentUrl\":\"https:\\\/\\\/secure.gravatar.com\\\/avatar\\\/5ac7a76228de58c4fbbb429fda14a638d10c5b63564864c1f29c2b8fd09a298b?s=96&d=mm&r=g\",\"caption\":\"Susanne Sugimoto\"},\"description\":\"Susanne Sugimoto studierte an der Universit\u00e4t Z\u00fcrich Geographie und diplomierte 1995. Zudem hat sie einen Master in Advanced Studies in Communication and Leadership. Sie war in verschiedenen Unternehmen in leitender Funktion in der Kommunikation t\u00e4tig und ist Gr\u00fcndungsmitglied des Online-Magazins \u00abRepublik\u00bb. Sie ist heute Co-Gesch\u00e4ftsf\u00fchrerin ihrer eigenen Kommunikationsagentur.\",\"url\":\"https:\\\/\\\/spheriq.ch\\\/blog\\\/fr\\\/author\\\/susanne-sugimoto\\\/\"}]}<\/script>\n<!-- \/ Yoast SEO plugin. -->","yoast_head_json":{"title":"La d\u00e9mocratie n'est pas un projet - Spheriq-Blog","robots":{"index":"index","follow":"follow","max-snippet":"max-snippet:-1","max-image-preview":"max-image-preview:large","max-video-preview":"max-video-preview:-1"},"canonical":"https:\/\/spheriq.ch\/blog\/fr\/la-democratie-nest-pas-un-projet\/","og_locale":"fr_FR","og_type":"article","og_title":"La d\u00e9mocratie n'est pas un projet - Spheriq-Blog","og_description":"Deux initiatives remarquables illustrent comment la philanthropie strat\u00e9gique peut ancrer la participation de mani\u00e8re syst\u00e9mique : \u00ab Talking Stick \u00bb encourage la participation des migrant\u00b7e\u00b7s, tandis qu\u2019un conseil populaire r\u00e9cemment cr\u00e9\u00e9 \u00e0 B\u00e2le vise \u00e0 associer les personnes priv\u00e9es du droit de vote et d\u2019expression \u00e0 la prise de d\u00e9cision politique. Ces deux concepts ont besoin d\u2019un soutien financier institutionnel.","og_url":"https:\/\/spheriq.ch\/blog\/fr\/la-democratie-nest-pas-un-projet\/","og_site_name":"Spheriq-Blog","article_published_time":"2026-07-17T16:58:39+00:00","article_modified_time":"2026-08-25T12:47:03+00:00","og_image":[{"width":1200,"height":675,"url":"https:\/\/spheriq.ch\/blog\/wp-content\/uploads\/2026\/07\/siena-nisavic-JIOj7sNQyqg-unsplash.jpg","type":"image\/jpeg"}],"author":"Susanne Sugimoto","twitter_card":"summary_large_image","twitter_misc":{"\u00c9crit par":"Susanne Sugimoto","Dur\u00e9e de lecture estim\u00e9e":"4 minutes"},"schema":{"@context":"https:\/\/schema.org","@graph":[{"@type":"Article","@id":"https:\/\/spheriq.ch\/blog\/fr\/la-democratie-nest-pas-un-projet\/#article","isPartOf":{"@id":"https:\/\/spheriq.ch\/blog\/fr\/la-democratie-nest-pas-un-projet\/"},"author":{"name":"Susanne Sugimoto","@id":"https:\/\/spheriq.ch\/blog\/fr\/#\/schema\/person\/91c63f93ff4968f19a4e7896acec3c0f"},"headline":"La d\u00e9mocratie n&rsquo;est pas un projet","datePublished":"2026-07-17T16:58:39+00:00","dateModified":"2026-08-25T12:47:03+00:00","mainEntityOfPage":{"@id":"https:\/\/spheriq.ch\/blog\/fr\/la-democratie-nest-pas-un-projet\/"},"wordCount":937,"commentCount":0,"image":{"@id":"https:\/\/spheriq.ch\/blog\/fr\/la-democratie-nest-pas-un-projet\/#primaryimage"},"thumbnailUrl":"https:\/\/spheriq.ch\/blog\/wp-content\/uploads\/2026\/07\/siena-nisavic-JIOj7sNQyqg-unsplash.jpg","keywords":["Fondation","NPO"],"articleSection":["Accompagnement et d\u00e9veloppement","Du secteur","News","Soci\u00e9t\u00e9"],"inLanguage":"fr-FR","potentialAction":[{"@type":"CommentAction","name":"Comment","target":["https:\/\/spheriq.ch\/blog\/fr\/la-democratie-nest-pas-un-projet\/#respond"]}]},{"@type":"WebPage","@id":"https:\/\/spheriq.ch\/blog\/fr\/la-democratie-nest-pas-un-projet\/","url":"https:\/\/spheriq.ch\/blog\/fr\/la-democratie-nest-pas-un-projet\/","name":"La d\u00e9mocratie n'est pas un projet - Spheriq-Blog","isPartOf":{"@id":"https:\/\/spheriq.ch\/blog\/fr\/#website"},"primaryImageOfPage":{"@id":"https:\/\/spheriq.ch\/blog\/fr\/la-democratie-nest-pas-un-projet\/#primaryimage"},"image":{"@id":"https:\/\/spheriq.ch\/blog\/fr\/la-democratie-nest-pas-un-projet\/#primaryimage"},"thumbnailUrl":"https:\/\/spheriq.ch\/blog\/wp-content\/uploads\/2026\/07\/siena-nisavic-JIOj7sNQyqg-unsplash.jpg","datePublished":"2026-07-17T16:58:39+00:00","dateModified":"2026-08-25T12:47:03+00:00","author":{"@id":"https:\/\/spheriq.ch\/blog\/fr\/#\/schema\/person\/91c63f93ff4968f19a4e7896acec3c0f"},"breadcrumb":{"@id":"https:\/\/spheriq.ch\/blog\/fr\/la-democratie-nest-pas-un-projet\/#breadcrumb"},"inLanguage":"fr-FR","potentialAction":[{"@type":"ReadAction","target":["https:\/\/spheriq.ch\/blog\/fr\/la-democratie-nest-pas-un-projet\/"]}]},{"@type":"ImageObject","inLanguage":"fr-FR","@id":"https:\/\/spheriq.ch\/blog\/fr\/la-democratie-nest-pas-un-projet\/#primaryimage","url":"https:\/\/spheriq.ch\/blog\/wp-content\/uploads\/2026\/07\/siena-nisavic-JIOj7sNQyqg-unsplash.jpg","contentUrl":"https:\/\/spheriq.ch\/blog\/wp-content\/uploads\/2026\/07\/siena-nisavic-JIOj7sNQyqg-unsplash.jpg","width":1200,"height":675,"caption":"Symbolbild: Siena Nisavic, unsplash"},{"@type":"BreadcrumbList","@id":"https:\/\/spheriq.ch\/blog\/fr\/la-democratie-nest-pas-un-projet\/#breadcrumb","itemListElement":[{"@type":"ListItem","position":1,"name":"Home","item":"https:\/\/spheriq.ch\/blog\/fr\/"},{"@type":"ListItem","position":2,"name":"La d\u00e9mocratie n&rsquo;est pas un projet"}]},{"@type":"WebSite","@id":"https:\/\/spheriq.ch\/blog\/fr\/#website","url":"https:\/\/spheriq.ch\/blog\/fr\/","name":"Spheriq-Blog","description":"Der Blog f\u00fcr Fundraiser, Stiftungsverwalter, Stiftungsr\u00e4te und alle, die sich f\u00fcr Fragen und Themen rund um den gemeinn\u00fctzigen Sektor interessieren.","potentialAction":[{"@type":"SearchAction","target":{"@type":"EntryPoint","urlTemplate":"https:\/\/spheriq.ch\/blog\/fr\/?s={search_term_string}"},"query-input":{"@type":"PropertyValueSpecification","valueRequired":true,"valueName":"search_term_string"}}],"inLanguage":"fr-FR"},{"@type":"Person","@id":"https:\/\/spheriq.ch\/blog\/fr\/#\/schema\/person\/91c63f93ff4968f19a4e7896acec3c0f","name":"Susanne Sugimoto","image":{"@type":"ImageObject","inLanguage":"fr-FR","@id":"https:\/\/secure.gravatar.com\/avatar\/5ac7a76228de58c4fbbb429fda14a638d10c5b63564864c1f29c2b8fd09a298b?s=96&d=mm&r=g","url":"https:\/\/secure.gravatar.com\/avatar\/5ac7a76228de58c4fbbb429fda14a638d10c5b63564864c1f29c2b8fd09a298b?s=96&d=mm&r=g","contentUrl":"https:\/\/secure.gravatar.com\/avatar\/5ac7a76228de58c4fbbb429fda14a638d10c5b63564864c1f29c2b8fd09a298b?s=96&d=mm&r=g","caption":"Susanne Sugimoto"},"description":"Susanne Sugimoto studierte an der Universit\u00e4t Z\u00fcrich Geographie und diplomierte 1995. Zudem hat sie einen Master in Advanced Studies in Communication and Leadership. Sie war in verschiedenen Unternehmen in leitender Funktion in der Kommunikation t\u00e4tig und ist Gr\u00fcndungsmitglied des Online-Magazins \u00abRepublik\u00bb. Sie ist heute Co-Gesch\u00e4ftsf\u00fchrerin ihrer eigenen Kommunikationsagentur.","url":"https:\/\/spheriq.ch\/blog\/fr\/author\/susanne-sugimoto\/"}]}},"_links":{"self":[{"href":"https:\/\/spheriq.ch\/blog\/fr\/wp-json\/wp\/v2\/posts\/19894","targetHints":{"allow":["GET"]}}],"collection":[{"href":"https:\/\/spheriq.ch\/blog\/fr\/wp-json\/wp\/v2\/posts"}],"about":[{"href":"https:\/\/spheriq.ch\/blog\/fr\/wp-json\/wp\/v2\/types\/post"}],"author":[{"embeddable":true,"href":"https:\/\/spheriq.ch\/blog\/fr\/wp-json\/wp\/v2\/users\/51"}],"replies":[{"embeddable":true,"href":"https:\/\/spheriq.ch\/blog\/fr\/wp-json\/wp\/v2\/comments?post=19894"}],"version-history":[{"count":1,"href":"https:\/\/spheriq.ch\/blog\/fr\/wp-json\/wp\/v2\/posts\/19894\/revisions"}],"predecessor-version":[{"id":19895,"href":"https:\/\/spheriq.ch\/blog\/fr\/wp-json\/wp\/v2\/posts\/19894\/revisions\/19895"}],"wp:featuredmedia":[{"embeddable":true,"href":"https:\/\/spheriq.ch\/blog\/fr\/wp-json\/wp\/v2\/media\/19409"}],"wp:attachment":[{"href":"https:\/\/spheriq.ch\/blog\/fr\/wp-json\/wp\/v2\/media?parent=19894"}],"wp:term":[{"taxonomy":"category","embeddable":true,"href":"https:\/\/spheriq.ch\/blog\/fr\/wp-json\/wp\/v2\/categories?post=19894"},{"taxonomy":"post_tag","embeddable":true,"href":"https:\/\/spheriq.ch\/blog\/fr\/wp-json\/wp\/v2\/tags?post=19894"},{"taxonomy":"post_label","embeddable":true,"href":"https:\/\/spheriq.ch\/blog\/fr\/wp-json\/wp\/v2\/post_label?post=19894"}],"curies":[{"name":"wp","href":"https:\/\/api.w.org\/{rel}","templated":true}]}}