{"id":19890,"date":"2026-08-26T07:25:15","date_gmt":"2026-08-26T05:25:15","guid":{"rendered":"https:\/\/spheriq.ch\/blog\/?p=19890"},"modified":"2026-08-25T14:45:22","modified_gmt":"2026-08-25T12:45:22","slug":"lannuaire-senrichit-le-liechtenstein-fait-son-entree-sur-spheriq","status":"publish","type":"post","link":"https:\/\/spheriq.ch\/blog\/fr\/lannuaire-senrichit-le-liechtenstein-fait-son-entree-sur-spheriq\/","title":{"rendered":"L&rsquo;annuaire s&rsquo;enrichit : le Liechtenstein fait son entr\u00e9e sur Spheriq"},"content":{"rendered":"\n<p class=\"is-style-lead wp-block-paragraph\"><strong>Le paysage du financement ne s&rsquo;arr\u00eate pas \u00e0 la fronti\u00e8re suisse. D\u00e9sormais, les fondations d&rsquo;utilit\u00e9 publique du Liechtenstein sont \u00e9galement consultables dans l&rsquo;annuaire Spheriq. Le champ de recherche des organisations \u00e0 but non lucratif et des collecteurs de fonds s&rsquo;\u00e9largit ainsi \u00e0 un p\u00f4le philanthropique de petite taille, mais non moins important.<\/strong><\/p>\n\n<p class=\"wp-block-paragraph\">Si vous effectuez des recherches sur les fondations de soutien, ne vous arr\u00eatez pas aux fronti\u00e8res nationales. Le Liechtenstein, en particulier, malgr\u00e9 sa taille modeste, est un p\u00f4le philanthropique majeur et constitue donc \u00e9galement, pour de nombreuses organisations \u00e0 but non lucratif suisses, un volet prometteur du paysage du soutien. L&rsquo;un des souhaits fr\u00e9quemment exprim\u00e9s par nos utilisateurs \u00e9tait donc de pouvoir rechercher directement sur Spheriq les fondations de soutien liechtensteinoises. C&rsquo;est d\u00e9sormais possible : <strong>les fondations d&rsquo;utilit\u00e9 publique du Liechtenstein font d\u00e9sormais partie du r\u00e9pertoire Spheriq.<\/strong> La base de donn\u00e9es est en place et est enrichie en permanence de nouvelles informations. <\/p>\n\n<h2 id=\"un-petit-pays-a-forte-densite-de-fondations\"  class=\"wp-block-heading\"><strong>Un petit pays \u00e0 forte densit\u00e9 de fondations<\/strong> <\/h2>\n\n<p class=\"wp-block-paragraph\">Quiconque, en \u00e9voquant le Liechtenstein, pense d\u2019abord \u00e0 sa superficie ou \u00e0 sa population sous-estime <a href=\"https:\/\/thephilanthropist.ch\/tradition-trifft-auf-innovation\/\">l\u2019importance de son secteur des fondations<\/a>. Fin 2024, la Principaut\u00e9 comptait 1 398 fondations d\u2019utilit\u00e9 publique. \u00c0 titre de comparaison : la Suisse en comptait 13 722 \u00e0 la m\u00eame date, pour une population environ 225 fois plus importante.  <\/p>\n\n<p class=\"wp-block-paragraph\">Les conditions-cadres propices \u00e0 l&rsquo;engagement philanthropique sont \u00e9galement remarquables. Dans le Global Philanthropy Environment Index 2025, le Liechtenstein occupe la premi\u00e8re place, juste devant la Suisse. Ce classement \u00e9value notamment le cadre juridique et fiscal, les possibilit\u00e9s de dons transfrontaliers ainsi que le contexte politique et \u00e9conomique.  <\/p>\n\n<p class=\"wp-block-paragraph\">Un aspect particuli\u00e8rement pertinent pour la pratique en mati\u00e8re de subventions : le droit liechtensteinois des fondations <a href=\"https:\/\/thephilanthropist.ch\/diskret-und-transparent-lokal-und-global\/\">n&rsquo;<\/a> impose aucune restriction g\u00e9ographique aux fondations d&rsquo;utilit\u00e9 publique quant \u00e0 l&rsquo;utilisation de leurs ressources sur le territoire du Liechtenstein. Elles peuvent donc \u00e9galement octroyer des subventions \u00e0 l&rsquo;\u00e9chelle internationale. <\/p>\n\n<p class=\"wp-block-paragraph\">Pour les collecteurs de fonds, il est donc particuli\u00e8rement int\u00e9ressant de porter leur regard au-del\u00e0 du Rhin. <\/p>\n\n<h2 id=\"jusqua-present-la-recherche-sarretait-trop-tot\"  class=\"wp-block-heading\"><strong>Jusqu\u2019\u00e0 pr\u00e9sent, la recherche s\u2019arr\u00eatait trop t\u00f4t<\/strong> <\/h2>\n\n<p class=\"wp-block-paragraph\">Sur Spheriq, les organisations \u00e0 but non lucratif et les organismes de financement pouvaient jusqu\u2019\u00e0 pr\u00e9sent effectuer des recherches exhaustives au sein du paysage des fondations suisses. Quiconque souhaitait \u00e9tendre son champ de recherche au Liechtenstein devait consulter des sources suppl\u00e9mentaires, puis int\u00e9grer les informations trouv\u00e9es dans son propre travail. <\/p>\n\n<p class=\"wp-block-paragraph\">Une partie importante du paysage des fondations faisait ainsi d\u00e9faut, notamment pour les organisations de Suisse orientale, mais aussi pour les associations \u00e0 but non lucratif actives \u00e0 l\u2019\u00e9chelle nationale ou internationale. <\/p>\n\n<p class=\"wp-block-paragraph\">Le fait que l\u2019acc\u00e8s aux fondations de soutien ne soit pas toujours ais\u00e9, m\u00eame au Liechtenstein, est d\u2019ailleurs mis en \u00e9vidence par le secteur lui-m\u00eame. <a href=\"https:\/\/thephilanthropist.ch\/philanthropie-made-in-liechtenstein\/\">L\u2019Association des fondations et trusts d\u2019utilit\u00e9 publique du Liechtenstein (VLGST<\/a> ) souligne que les ONG et les associations peuvent rencontrer des difficult\u00e9s \u00e0 identifier les fondations appropri\u00e9es et \u00e0 y acc\u00e9der. Parall\u00e8lement, de nombreuses fondations agissent d\u00e9lib\u00e9r\u00e9ment en coulisses et leur visibilit\u00e9 publique varie consid\u00e9rablement. <\/p>\n\n<p class=\"wp-block-paragraph\">C\u2019est pr\u00e9cis\u00e9ment l\u00e0 que les donn\u00e9es structur\u00e9es font la diff\u00e9rence. <\/p>\n\n<h2 id=\"le-liechtenstein-fait-desormais-partie-du-repertoire-spheriq\"  class=\"wp-block-heading\"><strong>Le Liechtenstein fait d\u00e9sormais partie du r\u00e9pertoire Spheriq<\/strong> <\/h2>\n\n<p class=\"wp-block-paragraph\">Jusqu\u2019\u00e0 pr\u00e9sent, l\u2019annuaire Spheriq regroupait toutes les fondations suisses d\u2019utilit\u00e9 publique ainsi que d\u2019autres organisations suisses et \u00e9trang\u00e8res. Avec l\u2019int\u00e9gration des fondations d\u2019utilit\u00e9 publique du Liechtenstein, cet espace de recherche s\u2019\u00e9largit pour inclure de nombreuses autres organisations susceptibles de soutenir les associations \u00e0 but non lucratif suisses. Dans un premier temps, les fondations d\u2019utilit\u00e9 publique du Liechtenstein sont disponibles sur Spheriq avec leurs donn\u00e9es organisationnelles de base et leur si\u00e8ge social. Elles sont ainsi rep\u00e9rables et peuvent \u00eatre directement int\u00e9gr\u00e9es dans la recherche existante.  <\/p>\n\n<p class=\"wp-block-paragraph\">Pour une part croissante des fondations, les informations sont d\u2019ores et d\u00e9j\u00e0 plus compl\u00e8tes. En fonction des donn\u00e9es disponibles, nous compl\u00e9tons notamment : <\/p>\n\n<ul class=\"wp-block-list\">\n<li><strong>l\u2019objet<\/strong> de la fondation <\/li>\n<\/ul>\n\n<ul class=\"wp-block-list\">\n<li><strong>les organes<\/strong> connus <\/li>\n<\/ul>\n\n<ul class=\"wp-block-list\">\n<li>une <strong>classification th\u00e9matique<\/strong> de la fondation <\/li>\n<\/ul>\n\n<p class=\"wp-block-paragraph\">Ainsi, une inscription au registre se transforme progressivement en un profil pouvant r\u00e9ellement servir \u00e0 la recherche de soutiens dans le cadre de la collecte de fonds. <\/p>\n\n<p class=\"wp-block-paragraph\">Il est important de noter que <strong>ce travail n\u2019est pas encore achev\u00e9.<\/strong> Tous les profils de fondations liechtensteinoises ne disposent pas encore du m\u00eame niveau de d\u00e9tail. Cela s\u2019explique par une situation de d\u00e9part fondamentalement diff\u00e9rente de celle de la Suisse : de nombreuses informations librement accessibles dans le registre du commerce suisse sont masqu\u00e9es dans le registre du commerce du Liechtenstein. La base de donn\u00e9es fait toutefois l\u2019objet d\u2019une v\u00e9rification, d\u2019un enrichissement et d\u2019une structuration continus. Ainsi, l\u00e0 o\u00f9 seules des informations de base sont disponibles aujourd\u2019hui, des pr\u00e9cisions suppl\u00e9mentaires concernant l\u2019orientation des subventions pourraient s\u2019y ajouter d\u00e8s demain. <\/p>\n<div class=\"cta-box wp-block-custom-cta-box\">\r\n\t<div class=\"cta-box__inner\">\r\n\t\t\n\n<h3 id=\"representez-vous-une-fondation-liechtensteinoise\"  class=\"wp-block-heading has-black-color has-text-color has-link-color wp-elements-1\">Repr\u00e9sentez-vous une fondation liechtensteinoise ?<\/h3>\n\n\n\n<p class=\"has-black-color has-text-color has-link-color wp-elements-2 wp-block-paragraph\">Vous pourrez alors prendre en charge la gestion de votre profil de fondation sur Spheriq. Vous pourrez enrichir ce profil d&rsquo;informations suppl\u00e9mentaires et l&rsquo;utiliser en l&rsquo;int\u00e9grant de mani\u00e8re transparente aux autres fonctionnalit\u00e9s de la plateforme.<\/p>\n\n\n\n<p class=\"has-black-color has-text-color has-link-color wp-elements-3 wp-block-paragraph\"><a href=\"https:\/\/support.spheriq.ch\/de\/articles\/392859-als-organisationsvertretung-einer-stiftung-verifizieren-so-lost-du-deinen-code-ein\">Commencez d\u00e8s maintenant<\/a><\/p>\n\n\t<\/div>\r\n<\/div>\r\n\n<h2 id=\"une-richesse-de-donnees-croissante\"  class=\"wp-block-heading\"><strong>Une richesse de donn\u00e9es<\/strong> croissante<\/h2>\n\n<p class=\"wp-block-paragraph\">L\u2019int\u00e9gration du Liechtenstein ne se r\u00e9sume pas \u00e0 une simple importation ponctuelle de donn\u00e9es, mais marque le d\u00e9but d\u2019un d\u00e9veloppement continu. <\/p>\n\n<p class=\"wp-block-paragraph\">Notre objectif est de compl\u00e9ter progressivement les profils en y ajoutant les informations qui sont r\u00e9ellement pertinentes pour une recherche approfondie sur les aides financi\u00e8res. Le principe appliqu\u00e9 ici est le m\u00eame que pour l\u2019ensemble de l\u2019annuaire Spheriq : <strong>les donn\u00e9es ne doivent pas seulement \u00eatre disponibles, mais aussi \u00eatre aussi \u00e0 jour, structur\u00e9es et exploitables que possible. <\/strong>La <a href=\"https:\/\/spheriq.ch\/blog\/fr\/la-logique-de-soutien-rend-les-fondations-lisibles-sous-forme-numerique\/\">logique de financement<\/a> constitue \u00e0 cet \u00e9gard un \u00e9l\u00e9ment cl\u00e9, que nous compl\u00e9tons partout o\u00f9 la densit\u00e9 d\u2019informations est suffisante \u2013 dans l\u2019id\u00e9al, en collaboration directe avec l\u2019organisme de financement.  <\/p>\n\n<p class=\"wp-block-paragraph\">Plus les informations disponibles sont nombreuses, plus il est possible de cerner pr\u00e9cis\u00e9ment une fondation. Et plus les collecteurs de fonds peuvent distinguer rapidement un simple nom int\u00e9ressant d\u2019une organisation de soutien qui m\u00e9rite r\u00e9ellement un examen approfondi. <\/p>\n\n<p class=\"wp-block-paragraph\">\u00c0 l\u2019avenir, les fronti\u00e8res nationales ne devront plus d\u00e9terminer o\u00f9 commence un bon partenariat.  <\/p>\n\n<p class=\"wp-block-paragraph\"><strong>Quelle extension du r\u00e9pertoire Spheriq souhaiteriez-vous voir mise en place prochainement ? <\/strong><br\/><a href=\"mailto:yara.ouertani@spheriq.ch\">\u00c9crivez-nous et faites-nous part de vos id\u00e9es.<\/a><\/p>\n","protected":false},"excerpt":{"rendered":"Le paysage du financement ne s&rsquo;arr\u00eate pas \u00e0 la fronti\u00e8re suisse. D\u00e9sormais, les fondations d&rsquo;utilit\u00e9 publique du Liechtenstein sont \u00e9galement consultables dans l&rsquo;annuaire Spheriq. Le champ de recherche des organisations \u00e0 but non lucratif et des collecteurs de fonds s&rsquo;\u00e9largit ainsi \u00e0 un p\u00f4le philanthropique de petite taille, mais non moins important. Si vous effectuez&#8230;","protected":false},"author":39,"featured_media":19871,"comment_status":"open","ping_status":"open","sticky":false,"template":"","format":"image","meta":{"_acf_changed":false,"footnotes":""},"categories":[1181,1127,1135],"tags":[],"post_label":[],"class_list":["post-19890","post","type-post","status-publish","format-image","has-post-thumbnail","hentry","category-accompagnement-et-developpement","category-international-fr","category-recherche-fr-2","post_format-post-format-image"],"acf":[],"yoast_head":"<!-- This site is optimized with the Yoast SEO plugin v28.2 - https:\/\/yoast.com\/product\/yoast-seo-wordpress\/ -->\n<title>L&#039;annuaire s&#039;enrichit : le Liechtenstein fait son entr\u00e9e sur Spheriq - Spheriq-Blog<\/title>\n<meta name=\"robots\" content=\"index, follow, max-snippet:-1, max-image-preview:large, max-video-preview:-1\" \/>\n<link rel=\"canonical\" href=\"https:\/\/spheriq.ch\/blog\/fr\/lannuaire-senrichit-le-liechtenstein-fait-son-entree-sur-spheriq\/\" \/>\n<meta property=\"og:locale\" content=\"fr_FR\" \/>\n<meta property=\"og:type\" content=\"article\" \/>\n<meta property=\"og:title\" content=\"L&#039;annuaire s&#039;enrichit : le Liechtenstein fait son entr\u00e9e sur Spheriq - Spheriq-Blog\" \/>\n<meta property=\"og:description\" content=\"Le paysage du financement ne s&rsquo;arr\u00eate pas \u00e0 la fronti\u00e8re suisse. D\u00e9sormais, les fondations d&rsquo;utilit\u00e9 publique du Liechtenstein sont \u00e9galement consultables dans l&rsquo;annuaire Spheriq. Le champ de recherche des organisations \u00e0 but non lucratif et des collecteurs de fonds s&rsquo;\u00e9largit ainsi \u00e0 un p\u00f4le philanthropique de petite taille, mais non moins important. Si vous effectuez...\" \/>\n<meta property=\"og:url\" content=\"https:\/\/spheriq.ch\/blog\/fr\/lannuaire-senrichit-le-liechtenstein-fait-son-entree-sur-spheriq\/\" \/>\n<meta property=\"og:site_name\" content=\"Spheriq-Blog\" \/>\n<meta property=\"article:published_time\" content=\"2026-08-26T05:25:15+00:00\" \/>\n<meta property=\"og:image\" content=\"https:\/\/spheriq.ch\/blog\/wp-content\/uploads\/2026\/08\/Liechtenstein.png\" \/>\n\t<meta property=\"og:image:width\" content=\"1119\" \/>\n\t<meta property=\"og:image:height\" content=\"687\" \/>\n\t<meta property=\"og:image:type\" content=\"image\/png\" \/>\n<meta name=\"author\" content=\"Yara Ouertani\" \/>\n<meta name=\"twitter:card\" content=\"summary_large_image\" \/>\n<meta name=\"twitter:label1\" content=\"\u00c9crit par\" \/>\n\t<meta name=\"twitter:data1\" content=\"Yara Ouertani\" \/>\n\t<meta name=\"twitter:label2\" content=\"Dur\u00e9e de lecture estim\u00e9e\" \/>\n\t<meta name=\"twitter:data2\" content=\"5 minutes\" \/>\n<script type=\"application\/ld+json\" class=\"yoast-schema-graph\">{\"@context\":\"https:\\\/\\\/schema.org\",\"@graph\":[{\"@type\":\"Article\",\"@id\":\"https:\\\/\\\/spheriq.ch\\\/blog\\\/fr\\\/lannuaire-senrichit-le-liechtenstein-fait-son-entree-sur-spheriq\\\/#article\",\"isPartOf\":{\"@id\":\"https:\\\/\\\/spheriq.ch\\\/blog\\\/fr\\\/lannuaire-senrichit-le-liechtenstein-fait-son-entree-sur-spheriq\\\/\"},\"author\":{\"name\":\"Yara Ouertani\",\"@id\":\"https:\\\/\\\/spheriq.ch\\\/blog\\\/fr\\\/#\\\/schema\\\/person\\\/37deca52244cf8f09f9f2b9a45fe55f0\"},\"headline\":\"L&rsquo;annuaire s&rsquo;enrichit : le Liechtenstein fait son entr\u00e9e sur Spheriq\",\"datePublished\":\"2026-08-26T05:25:15+00:00\",\"mainEntityOfPage\":{\"@id\":\"https:\\\/\\\/spheriq.ch\\\/blog\\\/fr\\\/lannuaire-senrichit-le-liechtenstein-fait-son-entree-sur-spheriq\\\/\"},\"wordCount\":1104,\"commentCount\":0,\"image\":{\"@id\":\"https:\\\/\\\/spheriq.ch\\\/blog\\\/fr\\\/lannuaire-senrichit-le-liechtenstein-fait-son-entree-sur-spheriq\\\/#primaryimage\"},\"thumbnailUrl\":\"https:\\\/\\\/spheriq.ch\\\/blog\\\/wp-content\\\/uploads\\\/2026\\\/08\\\/Liechtenstein.png\",\"articleSection\":[\"Accompagnement et d\u00e9veloppement\",\"International\",\"Recherche\"],\"inLanguage\":\"fr-FR\",\"potentialAction\":[{\"@type\":\"CommentAction\",\"name\":\"Comment\",\"target\":[\"https:\\\/\\\/spheriq.ch\\\/blog\\\/fr\\\/lannuaire-senrichit-le-liechtenstein-fait-son-entree-sur-spheriq\\\/#respond\"]}]},{\"@type\":\"WebPage\",\"@id\":\"https:\\\/\\\/spheriq.ch\\\/blog\\\/fr\\\/lannuaire-senrichit-le-liechtenstein-fait-son-entree-sur-spheriq\\\/\",\"url\":\"https:\\\/\\\/spheriq.ch\\\/blog\\\/fr\\\/lannuaire-senrichit-le-liechtenstein-fait-son-entree-sur-spheriq\\\/\",\"name\":\"L'annuaire s'enrichit : le Liechtenstein fait son entr\u00e9e sur Spheriq - Spheriq-Blog\",\"isPartOf\":{\"@id\":\"https:\\\/\\\/spheriq.ch\\\/blog\\\/fr\\\/#website\"},\"primaryImageOfPage\":{\"@id\":\"https:\\\/\\\/spheriq.ch\\\/blog\\\/fr\\\/lannuaire-senrichit-le-liechtenstein-fait-son-entree-sur-spheriq\\\/#primaryimage\"},\"image\":{\"@id\":\"https:\\\/\\\/spheriq.ch\\\/blog\\\/fr\\\/lannuaire-senrichit-le-liechtenstein-fait-son-entree-sur-spheriq\\\/#primaryimage\"},\"thumbnailUrl\":\"https:\\\/\\\/spheriq.ch\\\/blog\\\/wp-content\\\/uploads\\\/2026\\\/08\\\/Liechtenstein.png\",\"datePublished\":\"2026-08-26T05:25:15+00:00\",\"author\":{\"@id\":\"https:\\\/\\\/spheriq.ch\\\/blog\\\/fr\\\/#\\\/schema\\\/person\\\/37deca52244cf8f09f9f2b9a45fe55f0\"},\"breadcrumb\":{\"@id\":\"https:\\\/\\\/spheriq.ch\\\/blog\\\/fr\\\/lannuaire-senrichit-le-liechtenstein-fait-son-entree-sur-spheriq\\\/#breadcrumb\"},\"inLanguage\":\"fr-FR\",\"potentialAction\":[{\"@type\":\"ReadAction\",\"target\":[\"https:\\\/\\\/spheriq.ch\\\/blog\\\/fr\\\/lannuaire-senrichit-le-liechtenstein-fait-son-entree-sur-spheriq\\\/\"]}]},{\"@type\":\"ImageObject\",\"inLanguage\":\"fr-FR\",\"@id\":\"https:\\\/\\\/spheriq.ch\\\/blog\\\/fr\\\/lannuaire-senrichit-le-liechtenstein-fait-son-entree-sur-spheriq\\\/#primaryimage\",\"url\":\"https:\\\/\\\/spheriq.ch\\\/blog\\\/wp-content\\\/uploads\\\/2026\\\/08\\\/Liechtenstein.png\",\"contentUrl\":\"https:\\\/\\\/spheriq.ch\\\/blog\\\/wp-content\\\/uploads\\\/2026\\\/08\\\/Liechtenstein.png\",\"width\":1119,\"height\":687},{\"@type\":\"BreadcrumbList\",\"@id\":\"https:\\\/\\\/spheriq.ch\\\/blog\\\/fr\\\/lannuaire-senrichit-le-liechtenstein-fait-son-entree-sur-spheriq\\\/#breadcrumb\",\"itemListElement\":[{\"@type\":\"ListItem\",\"position\":1,\"name\":\"Home\",\"item\":\"https:\\\/\\\/spheriq.ch\\\/blog\\\/fr\\\/\"},{\"@type\":\"ListItem\",\"position\":2,\"name\":\"L&#8217;annuaire s&#8217;enrichit : le Liechtenstein fait son entr\u00e9e sur Spheriq\"}]},{\"@type\":\"WebSite\",\"@id\":\"https:\\\/\\\/spheriq.ch\\\/blog\\\/fr\\\/#website\",\"url\":\"https:\\\/\\\/spheriq.ch\\\/blog\\\/fr\\\/\",\"name\":\"Spheriq-Blog\",\"description\":\"Der Blog f\u00fcr Fundraiser, Stiftungsverwalter, Stiftungsr\u00e4te und alle, die sich f\u00fcr Fragen und Themen rund um den gemeinn\u00fctzigen Sektor interessieren.\",\"potentialAction\":[{\"@type\":\"SearchAction\",\"target\":{\"@type\":\"EntryPoint\",\"urlTemplate\":\"https:\\\/\\\/spheriq.ch\\\/blog\\\/fr\\\/?s={search_term_string}\"},\"query-input\":{\"@type\":\"PropertyValueSpecification\",\"valueRequired\":true,\"valueName\":\"search_term_string\"}}],\"inLanguage\":\"fr-FR\"},{\"@type\":\"Person\",\"@id\":\"https:\\\/\\\/spheriq.ch\\\/blog\\\/fr\\\/#\\\/schema\\\/person\\\/37deca52244cf8f09f9f2b9a45fe55f0\",\"name\":\"Yara Ouertani\",\"image\":{\"@type\":\"ImageObject\",\"inLanguage\":\"fr-FR\",\"@id\":\"https:\\\/\\\/secure.gravatar.com\\\/avatar\\\/0feeeae4b4cbf835d3b114ef8b4928de6cece896f7d0789f1b6fbebef8bd2a66?s=96&d=mm&r=g\",\"url\":\"https:\\\/\\\/secure.gravatar.com\\\/avatar\\\/0feeeae4b4cbf835d3b114ef8b4928de6cece896f7d0789f1b6fbebef8bd2a66?s=96&d=mm&r=g\",\"contentUrl\":\"https:\\\/\\\/secure.gravatar.com\\\/avatar\\\/0feeeae4b4cbf835d3b114ef8b4928de6cece896f7d0789f1b6fbebef8bd2a66?s=96&d=mm&r=g\",\"caption\":\"Yara Ouertani\"},\"description\":\"Yara Ouertani is responsible for the stakeholder directory and data quality at Spheriq. On her blog, she writes about a wide range of topics related to the company and the foundation landscape.\",\"url\":\"https:\\\/\\\/spheriq.ch\\\/blog\\\/fr\\\/author\\\/yara-miescher\\\/\"}]}<\/script>\n<!-- \/ Yoast SEO plugin. -->","yoast_head_json":{"title":"L'annuaire s'enrichit : le Liechtenstein fait son entr\u00e9e sur Spheriq - Spheriq-Blog","robots":{"index":"index","follow":"follow","max-snippet":"max-snippet:-1","max-image-preview":"max-image-preview:large","max-video-preview":"max-video-preview:-1"},"canonical":"https:\/\/spheriq.ch\/blog\/fr\/lannuaire-senrichit-le-liechtenstein-fait-son-entree-sur-spheriq\/","og_locale":"fr_FR","og_type":"article","og_title":"L'annuaire s'enrichit : le Liechtenstein fait son entr\u00e9e sur Spheriq - Spheriq-Blog","og_description":"Le paysage du financement ne s&rsquo;arr\u00eate pas \u00e0 la fronti\u00e8re suisse. D\u00e9sormais, les fondations d&rsquo;utilit\u00e9 publique du Liechtenstein sont \u00e9galement consultables dans l&rsquo;annuaire Spheriq. Le champ de recherche des organisations \u00e0 but non lucratif et des collecteurs de fonds s&rsquo;\u00e9largit ainsi \u00e0 un p\u00f4le philanthropique de petite taille, mais non moins important. Si vous effectuez...","og_url":"https:\/\/spheriq.ch\/blog\/fr\/lannuaire-senrichit-le-liechtenstein-fait-son-entree-sur-spheriq\/","og_site_name":"Spheriq-Blog","article_published_time":"2026-08-26T05:25:15+00:00","og_image":[{"width":1119,"height":687,"url":"https:\/\/spheriq.ch\/blog\/wp-content\/uploads\/2026\/08\/Liechtenstein.png","type":"image\/png"}],"author":"Yara Ouertani","twitter_card":"summary_large_image","twitter_misc":{"\u00c9crit par":"Yara Ouertani","Dur\u00e9e de lecture estim\u00e9e":"5 minutes"},"schema":{"@context":"https:\/\/schema.org","@graph":[{"@type":"Article","@id":"https:\/\/spheriq.ch\/blog\/fr\/lannuaire-senrichit-le-liechtenstein-fait-son-entree-sur-spheriq\/#article","isPartOf":{"@id":"https:\/\/spheriq.ch\/blog\/fr\/lannuaire-senrichit-le-liechtenstein-fait-son-entree-sur-spheriq\/"},"author":{"name":"Yara Ouertani","@id":"https:\/\/spheriq.ch\/blog\/fr\/#\/schema\/person\/37deca52244cf8f09f9f2b9a45fe55f0"},"headline":"L&rsquo;annuaire s&rsquo;enrichit : le Liechtenstein fait son entr\u00e9e sur Spheriq","datePublished":"2026-08-26T05:25:15+00:00","mainEntityOfPage":{"@id":"https:\/\/spheriq.ch\/blog\/fr\/lannuaire-senrichit-le-liechtenstein-fait-son-entree-sur-spheriq\/"},"wordCount":1104,"commentCount":0,"image":{"@id":"https:\/\/spheriq.ch\/blog\/fr\/lannuaire-senrichit-le-liechtenstein-fait-son-entree-sur-spheriq\/#primaryimage"},"thumbnailUrl":"https:\/\/spheriq.ch\/blog\/wp-content\/uploads\/2026\/08\/Liechtenstein.png","articleSection":["Accompagnement et d\u00e9veloppement","International","Recherche"],"inLanguage":"fr-FR","potentialAction":[{"@type":"CommentAction","name":"Comment","target":["https:\/\/spheriq.ch\/blog\/fr\/lannuaire-senrichit-le-liechtenstein-fait-son-entree-sur-spheriq\/#respond"]}]},{"@type":"WebPage","@id":"https:\/\/spheriq.ch\/blog\/fr\/lannuaire-senrichit-le-liechtenstein-fait-son-entree-sur-spheriq\/","url":"https:\/\/spheriq.ch\/blog\/fr\/lannuaire-senrichit-le-liechtenstein-fait-son-entree-sur-spheriq\/","name":"L'annuaire s'enrichit : le Liechtenstein fait son entr\u00e9e sur Spheriq - Spheriq-Blog","isPartOf":{"@id":"https:\/\/spheriq.ch\/blog\/fr\/#website"},"primaryImageOfPage":{"@id":"https:\/\/spheriq.ch\/blog\/fr\/lannuaire-senrichit-le-liechtenstein-fait-son-entree-sur-spheriq\/#primaryimage"},"image":{"@id":"https:\/\/spheriq.ch\/blog\/fr\/lannuaire-senrichit-le-liechtenstein-fait-son-entree-sur-spheriq\/#primaryimage"},"thumbnailUrl":"https:\/\/spheriq.ch\/blog\/wp-content\/uploads\/2026\/08\/Liechtenstein.png","datePublished":"2026-08-26T05:25:15+00:00","author":{"@id":"https:\/\/spheriq.ch\/blog\/fr\/#\/schema\/person\/37deca52244cf8f09f9f2b9a45fe55f0"},"breadcrumb":{"@id":"https:\/\/spheriq.ch\/blog\/fr\/lannuaire-senrichit-le-liechtenstein-fait-son-entree-sur-spheriq\/#breadcrumb"},"inLanguage":"fr-FR","potentialAction":[{"@type":"ReadAction","target":["https:\/\/spheriq.ch\/blog\/fr\/lannuaire-senrichit-le-liechtenstein-fait-son-entree-sur-spheriq\/"]}]},{"@type":"ImageObject","inLanguage":"fr-FR","@id":"https:\/\/spheriq.ch\/blog\/fr\/lannuaire-senrichit-le-liechtenstein-fait-son-entree-sur-spheriq\/#primaryimage","url":"https:\/\/spheriq.ch\/blog\/wp-content\/uploads\/2026\/08\/Liechtenstein.png","contentUrl":"https:\/\/spheriq.ch\/blog\/wp-content\/uploads\/2026\/08\/Liechtenstein.png","width":1119,"height":687},{"@type":"BreadcrumbList","@id":"https:\/\/spheriq.ch\/blog\/fr\/lannuaire-senrichit-le-liechtenstein-fait-son-entree-sur-spheriq\/#breadcrumb","itemListElement":[{"@type":"ListItem","position":1,"name":"Home","item":"https:\/\/spheriq.ch\/blog\/fr\/"},{"@type":"ListItem","position":2,"name":"L&#8217;annuaire s&#8217;enrichit : le Liechtenstein fait son entr\u00e9e sur Spheriq"}]},{"@type":"WebSite","@id":"https:\/\/spheriq.ch\/blog\/fr\/#website","url":"https:\/\/spheriq.ch\/blog\/fr\/","name":"Spheriq-Blog","description":"Der Blog f\u00fcr Fundraiser, Stiftungsverwalter, Stiftungsr\u00e4te und alle, die sich f\u00fcr Fragen und Themen rund um den gemeinn\u00fctzigen Sektor interessieren.","potentialAction":[{"@type":"SearchAction","target":{"@type":"EntryPoint","urlTemplate":"https:\/\/spheriq.ch\/blog\/fr\/?s={search_term_string}"},"query-input":{"@type":"PropertyValueSpecification","valueRequired":true,"valueName":"search_term_string"}}],"inLanguage":"fr-FR"},{"@type":"Person","@id":"https:\/\/spheriq.ch\/blog\/fr\/#\/schema\/person\/37deca52244cf8f09f9f2b9a45fe55f0","name":"Yara Ouertani","image":{"@type":"ImageObject","inLanguage":"fr-FR","@id":"https:\/\/secure.gravatar.com\/avatar\/0feeeae4b4cbf835d3b114ef8b4928de6cece896f7d0789f1b6fbebef8bd2a66?s=96&d=mm&r=g","url":"https:\/\/secure.gravatar.com\/avatar\/0feeeae4b4cbf835d3b114ef8b4928de6cece896f7d0789f1b6fbebef8bd2a66?s=96&d=mm&r=g","contentUrl":"https:\/\/secure.gravatar.com\/avatar\/0feeeae4b4cbf835d3b114ef8b4928de6cece896f7d0789f1b6fbebef8bd2a66?s=96&d=mm&r=g","caption":"Yara Ouertani"},"description":"Yara Ouertani is responsible for the stakeholder directory and data quality at Spheriq. On her blog, she writes about a wide range of topics related to the company and the foundation landscape.","url":"https:\/\/spheriq.ch\/blog\/fr\/author\/yara-miescher\/"}]}},"_links":{"self":[{"href":"https:\/\/spheriq.ch\/blog\/fr\/wp-json\/wp\/v2\/posts\/19890","targetHints":{"allow":["GET"]}}],"collection":[{"href":"https:\/\/spheriq.ch\/blog\/fr\/wp-json\/wp\/v2\/posts"}],"about":[{"href":"https:\/\/spheriq.ch\/blog\/fr\/wp-json\/wp\/v2\/types\/post"}],"author":[{"embeddable":true,"href":"https:\/\/spheriq.ch\/blog\/fr\/wp-json\/wp\/v2\/users\/39"}],"replies":[{"embeddable":true,"href":"https:\/\/spheriq.ch\/blog\/fr\/wp-json\/wp\/v2\/comments?post=19890"}],"version-history":[{"count":1,"href":"https:\/\/spheriq.ch\/blog\/fr\/wp-json\/wp\/v2\/posts\/19890\/revisions"}],"predecessor-version":[{"id":19891,"href":"https:\/\/spheriq.ch\/blog\/fr\/wp-json\/wp\/v2\/posts\/19890\/revisions\/19891"}],"wp:featuredmedia":[{"embeddable":true,"href":"https:\/\/spheriq.ch\/blog\/fr\/wp-json\/wp\/v2\/media\/19871"}],"wp:attachment":[{"href":"https:\/\/spheriq.ch\/blog\/fr\/wp-json\/wp\/v2\/media?parent=19890"}],"wp:term":[{"taxonomy":"category","embeddable":true,"href":"https:\/\/spheriq.ch\/blog\/fr\/wp-json\/wp\/v2\/categories?post=19890"},{"taxonomy":"post_tag","embeddable":true,"href":"https:\/\/spheriq.ch\/blog\/fr\/wp-json\/wp\/v2\/tags?post=19890"},{"taxonomy":"post_label","embeddable":true,"href":"https:\/\/spheriq.ch\/blog\/fr\/wp-json\/wp\/v2\/post_label?post=19890"}],"curies":[{"name":"wp","href":"https:\/\/api.w.org\/{rel}","templated":true}]}}