{"id":17491,"date":"2026-01-12T11:40:41","date_gmt":"2026-01-12T10:40:41","guid":{"rendered":"https:\/\/spheriq.ch\/blog\/?p=17491"},"modified":"2026-01-12T11:45:00","modified_gmt":"2026-01-12T10:45:00","slug":"quest-ce-que-le-troisieme-secteur","status":"publish","type":"post","link":"https:\/\/spheriq.ch\/blog\/fr\/quest-ce-que-le-troisieme-secteur\/","title":{"rendered":"Qu&rsquo;est-ce que le troisi\u00e8me secteur ?"},"content":{"rendered":"\n<figure class=\"wp-block-image size-large card-img-center\"><img loading=\"lazy\" decoding=\"async\" width=\"1024\" height=\"576\" src=\"https:\/\/spheriq.ch\/blog\/wp-content\/uploads\/2025\/12\/dritter-sektor-1024x576.png\" alt=\"\" class=\"wp-image-17484\" srcset=\"https:\/\/spheriq.ch\/blog\/wp-content\/uploads\/2025\/12\/dritter-sektor-1024x576.png 1024w, https:\/\/spheriq.ch\/blog\/wp-content\/uploads\/2025\/12\/dritter-sektor-300x169.png 300w, https:\/\/spheriq.ch\/blog\/wp-content\/uploads\/2025\/12\/dritter-sektor-768x432.png 768w, https:\/\/spheriq.ch\/blog\/wp-content\/uploads\/2025\/12\/dritter-sektor-1536x864.png 1536w, https:\/\/spheriq.ch\/blog\/wp-content\/uploads\/2025\/12\/dritter-sektor.png 1920w\" sizes=\"auto, (max-width: 1024px) 100vw, 1024px\" \/><\/figure>\n\n<p class=\"has-medium-font-size\"><strong><strong><strong><strong><strong>Outre l&rsquo;Etat et le march\u00e9, le troisi\u00e8me secteur apporte lui aussi une contribution d\u00e9cisive \u00e0 la coh\u00e9sion sociale en Suisse. Ces organisations agissent sur la base d&rsquo;initiatives priv\u00e9es, assument des responsabilit\u00e9s et agissent l\u00e0 o\u00f9 les logiques \u00e9tatiques ou \u00e9conomiques atteignent leurs limites. <\/strong><\/strong><\/strong><\/strong><\/strong><\/p>\n\n<p class=\"has-medium-font-size\">En Suisse, le troisi\u00e8me secteur d\u00e9signe les organisations qui ne peuvent \u00eatre clairement rattach\u00e9es ni \u00e0 l&rsquo;Etat ni au march\u00e9 \u00e0 but lucratif. Il comprend les NPO ou les ONG telles que les fondations et les associations qui associent l&rsquo;initiative priv\u00e9e \u00e0 un objectif social et jouent ainsi un r\u00f4le central entre les pouvoirs publics et l&rsquo;\u00e9conomie. En Suisse, un r\u00e9seau dense d&rsquo;organisations de la soci\u00e9t\u00e9 civile s&rsquo;est d\u00e9velopp\u00e9 et caract\u00e9rise encore aujourd&rsquo;hui le troisi\u00e8me secteur.  <\/p>\n\n<h2 class=\"wp-block-heading\"><strong><strong><strong><strong><strong>Le mod\u00e8le des trois secteurs : l&rsquo;\u00c9tat, le march\u00e9 et la soci\u00e9t\u00e9 civile<\/strong><\/strong><\/strong><\/strong><\/strong><\/h2>\n\n<p style=\"font-size:20px\">Le mod\u00e8le des trois secteurs est souvent utilis\u00e9 pour classer le troisi\u00e8me secteur. d\u00e9crit comment les t\u00e2ches et les prestations sociales sont fondamentalement r\u00e9parties entre diff\u00e9rentes logiques institutionnelles : <\/p>\n\n<p class=\"has-medium-font-size\"><strong>Premier secteur : Etat<\/strong><br\/>Les entit\u00e9s publiques telles que la Conf\u00e9d\u00e9ration, les cantons et les communes. Ils agissent en tant qu&rsquo;autorit\u00e9 publique et sont principalement financ\u00e9s par les imp\u00f4ts et les taxes. <\/p>\n\n<p class=\"has-medium-font-size\"><strong>Deuxi\u00e8me secteur : march\u00e9<\/strong><br\/>Entreprises priv\u00e9es \u00e0 but lucratif qui financent leurs services par des prix sur le march\u00e9.<\/p>\n\n<p class=\"has-medium-font-size\"><strong>Troisi\u00e8me secteur<\/strong>:<strong> les NPO<\/strong><br\/>sont des organisations qui ne poursuivent pas d&rsquo;objectifs principalement commerciaux. Elles agissent en vertu de leur responsabilit\u00e9 sociale et s&rsquo;appuient sur le b\u00e9n\u00e9volat, la solidarit\u00e9 et la confiance. <\/p>\n\n<p style=\"font-size:20px\">Le troisi\u00e8me secteur se situe entre les deux premiers. Il tente de contourner les faiblesses typiques de l&rsquo;\u00c9tat (par exemple, la bureaucratie) et du march\u00e9 (par exemple, la maximisation des profits) tout en combinant leurs points forts, tels que la fiabilit\u00e9 et le contr\u00f4le social. Les NPO peuvent ainsi r\u00e9pondre de mani\u00e8re flexible aux besoins de la population qui sont difficilement couverts par l&rsquo;Etat ou qui ne le sont pas par le march\u00e9.  <\/p>\n\n<h2 class=\"wp-block-heading\"><strong><strong><strong><strong><strong>Troisi\u00e8me secteur ou secteur \u00e0 but non lucratif ?<\/strong><\/strong><\/strong><\/strong><\/strong><\/h2>\n\n<p class=\"has-medium-font-size\">En Suisse, les termes \u00a0\u00bb <strong>troisi\u00e8me secteur\u00a0\u00bb<\/strong> et <strong>\u00ab\u00a0secteur non lucratif<\/strong> \u00a0\u00bb sont souvent utilis\u00e9s comme synonymes. Il n&rsquo;existe cependant pas de d\u00e9finition claire et universelle. Selon les chercheurs Salamon et Sokolowski (2016), le troisi\u00e8me secteur est l&rsquo;une des constructions les plus complexes du discours social et politique moderne.  <\/p>\n\n<p class=\"has-medium-font-size\">Le choix des termes varie en fonction de la perspective professionnelle :  <\/p>\n\n<p class=\"has-medium-font-size\">&#8211; <strong>Secteur non lucratif :<\/strong> utilis\u00e9 principalement dans les sciences de gestion et se concentrant sur les formes d&rsquo;organisation et les questions de gestion.<br\/>&#8211; <strong>Troisi\u00e8me secteur :<\/strong> plus ancr\u00e9 dans les sciences \u00e9conomiques et politiques et mettant l&rsquo;accent sur le r\u00f4le social entre l&rsquo;\u00c9tat et le march\u00e9.<\/p>\n\n<h2 class=\"wp-block-heading\"><strong><strong><strong>Quand une organisation fait-elle partie du troisi\u00e8me secteur ?<\/strong><\/strong><\/strong><\/h2>\n\n<p class=\"has-medium-font-size\">Pour les comparaisons internationales, la <strong>d\u00e9finition<\/strong> dite <strong>structurelle-op\u00e9rationnelle<\/strong> s&rsquo;est \u00e9tablie, notamment dans le cadre du Johns Hopkins Comparative Nonprofit Sector Project (CNP). Selon cette d\u00e9finition, une organisation est consid\u00e9r\u00e9e comme appartenant au troisi\u00e8me secteur si elle remplit ces cinq crit\u00e8res : <\/p>\n\n<p class=\"has-medium-font-size\">1. <strong>degr\u00e9 d&rsquo;organisation<\/strong>: une structure formelle minimale est en place.<br\/><br\/>2. <strong>caract\u00e8re priv\u00e9<\/strong>: s\u00e9paration institutionnelle de l&rsquo;\u00c9tat.<br\/><br\/>3. <strong>interdiction de distribuer des b\u00e9n\u00e9fices<\/strong>: des b\u00e9n\u00e9fices peuvent \u00eatre r\u00e9alis\u00e9s, mais pas distribu\u00e9s.<br\/><br\/>4. <strong>autogestion<\/strong>: contr\u00f4le juridique et organisationnel autonome.<br\/><br\/>5. <strong>volontariat<\/strong>: le b\u00e9n\u00e9volat, l&rsquo;adh\u00e9sion volontaire ou le financement volontaire jouent un r\u00f4le.<\/p>\n\n<p class=\"has-medium-font-size\">Ces crit\u00e8res co\u00efncident largement avec la d\u00e9limitation habituelle des organisations \u00e0 but non lucratif en Suisse. Les formes d&rsquo;organisation typiques en Suisse sont les associations, les fondations et les coop\u00e9ratives. En termes de contenu, l&rsquo;\u00e9ventail s&rsquo;\u00e9tend des associations sportives et culturelles aux organisations environnementales ou aux organisations d&rsquo;aide internationale, en passant par les institutions sociales et les \u00e9tablissements d&rsquo;enseignement.  <\/p>\n\n<h2 class=\"wp-block-heading\"><strong><strong><strong><strong><strong>Quelle est la taille du troisi\u00e8me secteur en Suisse ?<\/strong><\/strong><\/strong><\/strong><\/strong><\/h2>\n\n<p class=\"has-medium-font-size\">Pendant longtemps, le troisi\u00e8me secteur n&rsquo;a fait l&rsquo;objet que d&rsquo;une couverture statistique incompl\u00e8te. Ce n&rsquo;est qu&rsquo;en 2010, gr\u00e2ce au Comparative Nonprofit Sector Project, que des donn\u00e9es syst\u00e9matiques sur le nombre d&rsquo;organisations, l&#8217;emploi et la performance \u00e9conomique ont \u00e9t\u00e9 collect\u00e9es pour la premi\u00e8re fois. Bien que ces chiffres ne soient plus d&rsquo;actualit\u00e9, ils montrent l&rsquo;importance structurelle du secteur :  <\/p>\n\n<p class=\"has-medium-font-size\">&#8211; Environ <strong>90 000 organisations \u00e0 but non lucratif<\/strong> \u00e9taient actives en Suisse.<br\/>&#8211; Selon les calculs, le troisi\u00e8me secteur a contribu\u00e9 \u00e0 <strong>environ 4,7 % du produit int\u00e9rieur brut<\/strong>.<br\/>&#8211; Le secteur employait <strong>plus de 180 000 postes \u00e0 temps plein<\/strong>.<br\/>&#8211; A cela s&rsquo;ajoutaient environ <strong>80 000 postes \u00e0 temps plein<\/strong> de travail b\u00e9n\u00e9vole et volontaire.<\/p>\n\n<p class=\"has-medium-font-size\">La Suisse se caract\u00e9rise en outre par une forte densit\u00e9 de fondations :<\/p>\n\n<p class=\"has-medium-font-size\">&#8211; Canton de B\u00e2le-Ville : 45,1 fondations pour 10&rsquo;000 habitants (de loin le plus \u00e9lev\u00e9)<br\/>&#8211; Canton de Glaris : 29,2 fondations<br\/>&#8211; Canton de Zoug : 25,7<br\/>&#8211; Canton des Grisons : 25,3<br\/>&#8211; Canton d&rsquo;Argovie : 7 fondations (la plus faible densit\u00e9)<\/p>\n\n<h2 class=\"wp-block-heading\" id=\"digitale-Kan&#xE4;le\"><strong><strong><strong><strong><strong>Pourquoi le troisi\u00e8me secteur est-il essentiel pour la Suisse ?<\/strong><\/strong><\/strong><\/strong><\/strong><\/h2>\n\n<p style=\"font-size:20px\">Ces donn\u00e9es montrent clairement que le troisi\u00e8me secteur est un facteur \u00e9conomique important pour la Suisse. Ce secteur est bien plus important que ce que l&rsquo;on croit souvent et n&rsquo;existerait pas sous cette forme sans l&rsquo;engagement b\u00e9n\u00e9vole.   <\/p>\n\n<p style=\"font-size:20px\">Le troisi\u00e8me secteur est donc l&rsquo;expression d&rsquo;une soci\u00e9t\u00e9 civile active. Il permet la participation l\u00e0 o\u00f9 les gens veulent prendre des responsabilit\u00e9s. Il comble les lacunes dans l&rsquo;offre de soins et r\u00e9agit avec souplesse aux nouveaux d\u00e9fis sociaux. Dans un pays qui mise fortement sur la responsabilit\u00e9 individuelle et l&rsquo;engagement de la soci\u00e9t\u00e9 civile, le troisi\u00e8me secteur est un pilier de la coh\u00e9sion sociale.   <\/p>\n\n<div style=\"height:28px\" aria-hidden=\"true\" class=\"wp-block-spacer\"><\/div>\n\n<div class=\"wp-block-columns are-vertically-aligned-center has-background is-layout-flex wp-container-core-columns-is-layout-9d6595d7 wp-block-columns-is-layout-flex\" style=\"background-color:#ff000078\">\n<div class=\"wp-block-column is-vertically-aligned-center is-layout-flow wp-block-column-is-layout-flow\" style=\"flex-basis:100%\">\n<div class=\"wp-block-group is-nowrap is-layout-flex wp-container-core-group-is-layout-ad2f72ca wp-block-group-is-layout-flex\">\n<div style=\"height:94px;width:91px\" aria-hidden=\"true\" class=\"wp-block-spacer wp-container-content-efddc3b2\"><\/div>\n\n\n\n<div class=\"wp-block-group\"><div class=\"wp-block-group__inner-container is-layout-constrained wp-block-group-is-layout-constrained\">\n<p class=\"has-large-font-size\"><strong><br\/>Comment pouvez-vous soutenir le troisi\u00e8me secteur ?<\/strong><\/p>\n\n\n\n<p class=\"has-medium-font-size\"><strong>\u27a4 Par le biais du b\u00e9n\u00e9volat<\/strong><\/p>\n\n\n\n<p class=\"has-medium-font-size\"><strong>\u27a4 <a href=\"http:\/\/spendenschweiz.ch\/\">Par des dons sur SpendenSchweiz<\/a><\/strong><\/p>\n\n\n\n<p class=\"has-medium-font-size\"><strong>\u27a4 Par des contributions de soutien<\/strong><\/p>\n\n\n\n<p class=\"has-medium-font-size\"><strong>\u27a4 Gr\u00e2ce \u00e0 la coop\u00e9ration entre la soci\u00e9t\u00e9 civile, l&rsquo;\u00c9tat et les entreprises<\/strong><\/p>\n\n\n\n<p class=\"has-medium-font-size\">Sur SpendenSchweiz, vous trouverez des projets, des fondations et des associations pour un <span style=\"text-decoration: underline;\"><a href=\"https:\/\/spendenschweiz.ch\/\">faire un don en toute simplicit\u00e9<\/a><\/span> ou vous pouvez tout de suite faire votre don <a href=\"https:\/\/spenden.stiftungschweiz.ch\/spendenaktion\/eigene-spendenaktion-starten\"><span style=\"text-decoration: underline;\">lancer votre propre campagne de dons<\/span><\/a>.<\/p>\n\n\n\n<p class=\"has-medium-font-size\"><br\/><\/p>\n<\/div><\/div>\n\n\n\n<div style=\"height:94px;width:11px\" aria-hidden=\"true\" class=\"wp-block-spacer wp-container-content-2fc37c9d\"><\/div>\n<\/div>\n<\/div>\n\n\n\n<div class=\"wp-block-column is-vertically-aligned-center is-layout-flow wp-block-column-is-layout-flow\"><\/div>\n<\/div>\n\n<p><\/p>\n","protected":false},"excerpt":{"rendered":"Outre l&rsquo;Etat et le march\u00e9, le troisi\u00e8me secteur apporte lui aussi une contribution d\u00e9cisive \u00e0 la coh\u00e9sion sociale en Suisse. Ces organisations agissent sur la base d&rsquo;initiatives priv\u00e9es, assument des responsabilit\u00e9s et agissent l\u00e0 o\u00f9 les logiques \u00e9tatiques ou \u00e9conomiques atteignent leurs limites. En Suisse, le troisi\u00e8me secteur d\u00e9signe les organisations qui ne peuvent \u00eatre&#8230;","protected":false},"author":49,"featured_media":17486,"comment_status":"open","ping_status":"open","sticky":false,"template":"","format":"standard","meta":{"_acf_changed":false,"footnotes":""},"categories":[608],"tags":[699,1084],"class_list":["post-17491","post","type-post","status-publish","format-standard","has-post-thumbnail","hentry","category-connaissances-de-promotion","tag-philanthropie-fr","tag-stiftungssektor-2"],"acf":[],"yoast_head":"<!-- This site is optimized with the Yoast SEO plugin v27.0 - https:\/\/yoast.com\/product\/yoast-seo-wordpress\/ -->\n<title>Qu&#039;est-ce que le troisi\u00e8me secteur ? - Spheriq-Blog<\/title>\n<meta name=\"description\" content=\"Qu&#039;est-ce que le troisi\u00e8me secteur ? Aper\u00e7u de la d\u00e9finition, de la d\u00e9limitation et de l&#039;importance du troisi\u00e8me secteur en Suisse.\" \/>\n<meta name=\"robots\" content=\"index, follow, max-snippet:-1, max-image-preview:large, max-video-preview:-1\" \/>\n<link rel=\"canonical\" href=\"https:\/\/spheriq.ch\/blog\/fr\/quest-ce-que-le-troisieme-secteur\/\" \/>\n<meta property=\"og:locale\" content=\"fr_FR\" \/>\n<meta property=\"og:type\" content=\"article\" \/>\n<meta property=\"og:title\" content=\"Qu&#039;est-ce que le troisi\u00e8me secteur ? - Spheriq-Blog\" \/>\n<meta property=\"og:description\" content=\"Qu&#039;est-ce que le troisi\u00e8me secteur ? Aper\u00e7u de la d\u00e9finition, de la d\u00e9limitation et de l&#039;importance du troisi\u00e8me secteur en Suisse.\" \/>\n<meta property=\"og:url\" content=\"https:\/\/spheriq.ch\/blog\/fr\/quest-ce-que-le-troisieme-secteur\/\" \/>\n<meta property=\"og:site_name\" content=\"Spheriq-Blog\" \/>\n<meta property=\"article:published_time\" content=\"2026-01-12T10:40:41+00:00\" \/>\n<meta property=\"article:modified_time\" content=\"2026-01-12T10:45:00+00:00\" \/>\n<meta property=\"og:image\" content=\"https:\/\/spheriq.ch\/blog\/wp-content\/uploads\/2025\/12\/dritter-sektor-1024x576.png\" \/>\n\t<meta property=\"og:image:width\" content=\"1024\" \/>\n\t<meta property=\"og:image:height\" content=\"576\" \/>\n\t<meta property=\"og:image:type\" content=\"image\/png\" \/>\n<meta name=\"author\" content=\"Olivia Sch\u00e4r\" \/>\n<meta name=\"twitter:card\" content=\"summary_large_image\" \/>\n<meta name=\"twitter:label1\" content=\"\u00c9crit par\" \/>\n\t<meta name=\"twitter:data1\" content=\"Olivia Sch\u00e4r\" \/>\n\t<meta name=\"twitter:label2\" content=\"Dur\u00e9e de lecture estim\u00e9e\" \/>\n\t<meta name=\"twitter:data2\" content=\"5 minutes\" \/>\n<script type=\"application\/ld+json\" class=\"yoast-schema-graph\">{\"@context\":\"https:\/\/schema.org\",\"@graph\":[{\"@type\":\"Article\",\"@id\":\"https:\/\/spheriq.ch\/blog\/fr\/quest-ce-que-le-troisieme-secteur\/#article\",\"isPartOf\":{\"@id\":\"https:\/\/spheriq.ch\/blog\/fr\/quest-ce-que-le-troisieme-secteur\/\"},\"author\":{\"name\":\"Olivia Sch\u00e4r\",\"@id\":\"https:\/\/spheriq.ch\/blog\/fr\/#\/schema\/person\/c9c59c1a57bf7955576790d53309a5f5\"},\"headline\":\"Qu&rsquo;est-ce que le troisi\u00e8me secteur ?\",\"datePublished\":\"2026-01-12T10:40:41+00:00\",\"dateModified\":\"2026-01-12T10:45:00+00:00\",\"mainEntityOfPage\":{\"@id\":\"https:\/\/spheriq.ch\/blog\/fr\/quest-ce-que-le-troisieme-secteur\/\"},\"wordCount\":1058,\"commentCount\":0,\"image\":{\"@id\":\"https:\/\/spheriq.ch\/blog\/fr\/quest-ce-que-le-troisieme-secteur\/#primaryimage\"},\"thumbnailUrl\":\"https:\/\/spheriq.ch\/blog\/wp-content\/uploads\/2025\/12\/dritter-sektor.png\",\"keywords\":[\"Philanthropie\",\"Stiftungssektor\"],\"articleSection\":[\"Connaissances de promotion\"],\"inLanguage\":\"fr-FR\",\"potentialAction\":[{\"@type\":\"CommentAction\",\"name\":\"Comment\",\"target\":[\"https:\/\/spheriq.ch\/blog\/fr\/quest-ce-que-le-troisieme-secteur\/#respond\"]}]},{\"@type\":\"WebPage\",\"@id\":\"https:\/\/spheriq.ch\/blog\/fr\/quest-ce-que-le-troisieme-secteur\/\",\"url\":\"https:\/\/spheriq.ch\/blog\/fr\/quest-ce-que-le-troisieme-secteur\/\",\"name\":\"Qu'est-ce que le troisi\u00e8me secteur ? - Spheriq-Blog\",\"isPartOf\":{\"@id\":\"https:\/\/spheriq.ch\/blog\/fr\/#website\"},\"primaryImageOfPage\":{\"@id\":\"https:\/\/spheriq.ch\/blog\/fr\/quest-ce-que-le-troisieme-secteur\/#primaryimage\"},\"image\":{\"@id\":\"https:\/\/spheriq.ch\/blog\/fr\/quest-ce-que-le-troisieme-secteur\/#primaryimage\"},\"thumbnailUrl\":\"https:\/\/spheriq.ch\/blog\/wp-content\/uploads\/2025\/12\/dritter-sektor.png\",\"datePublished\":\"2026-01-12T10:40:41+00:00\",\"dateModified\":\"2026-01-12T10:45:00+00:00\",\"author\":{\"@id\":\"https:\/\/spheriq.ch\/blog\/fr\/#\/schema\/person\/c9c59c1a57bf7955576790d53309a5f5\"},\"description\":\"Qu'est-ce que le troisi\u00e8me secteur ? Aper\u00e7u de la d\u00e9finition, de la d\u00e9limitation et de l'importance du troisi\u00e8me secteur en Suisse.\",\"breadcrumb\":{\"@id\":\"https:\/\/spheriq.ch\/blog\/fr\/quest-ce-que-le-troisieme-secteur\/#breadcrumb\"},\"inLanguage\":\"fr-FR\",\"potentialAction\":[{\"@type\":\"ReadAction\",\"target\":[\"https:\/\/spheriq.ch\/blog\/fr\/quest-ce-que-le-troisieme-secteur\/\"]}]},{\"@type\":\"ImageObject\",\"inLanguage\":\"fr-FR\",\"@id\":\"https:\/\/spheriq.ch\/blog\/fr\/quest-ce-que-le-troisieme-secteur\/#primaryimage\",\"url\":\"https:\/\/spheriq.ch\/blog\/wp-content\/uploads\/2025\/12\/dritter-sektor.png\",\"contentUrl\":\"https:\/\/spheriq.ch\/blog\/wp-content\/uploads\/2025\/12\/dritter-sektor.png\",\"width\":1920,\"height\":1080},{\"@type\":\"BreadcrumbList\",\"@id\":\"https:\/\/spheriq.ch\/blog\/fr\/quest-ce-que-le-troisieme-secteur\/#breadcrumb\",\"itemListElement\":[{\"@type\":\"ListItem\",\"position\":1,\"name\":\"Home\",\"item\":\"https:\/\/spheriq.ch\/blog\/fr\/\"},{\"@type\":\"ListItem\",\"position\":2,\"name\":\"Qu&#8217;est-ce que le troisi\u00e8me secteur ?\"}]},{\"@type\":\"WebSite\",\"@id\":\"https:\/\/spheriq.ch\/blog\/fr\/#website\",\"url\":\"https:\/\/spheriq.ch\/blog\/fr\/\",\"name\":\"Spheriq-Blog\",\"description\":\"Der Blog f\u00fcr Fundraiser, Stiftungsverwalter, Stiftungsr\u00e4te und alle, die sich f\u00fcr Fragen und Themen rund um den gemeinn\u00fctzigen Sektor interessieren.\",\"potentialAction\":[{\"@type\":\"SearchAction\",\"target\":{\"@type\":\"EntryPoint\",\"urlTemplate\":\"https:\/\/spheriq.ch\/blog\/fr\/?s={search_term_string}\"},\"query-input\":{\"@type\":\"PropertyValueSpecification\",\"valueRequired\":true,\"valueName\":\"search_term_string\"}}],\"inLanguage\":\"fr-FR\"},{\"@type\":\"Person\",\"@id\":\"https:\/\/spheriq.ch\/blog\/fr\/#\/schema\/person\/c9c59c1a57bf7955576790d53309a5f5\",\"name\":\"Olivia Sch\u00e4r\",\"image\":{\"@type\":\"ImageObject\",\"inLanguage\":\"fr-FR\",\"@id\":\"https:\/\/spheriq.ch\/blog\/fr\/#\/schema\/person\/image\/\",\"url\":\"https:\/\/secure.gravatar.com\/avatar\/0269d2be5c35a6cb88e6f28c5735ebe96a575710e55c0bd0978acad357953ffe?s=96&d=mm&r=g\",\"contentUrl\":\"https:\/\/secure.gravatar.com\/avatar\/0269d2be5c35a6cb88e6f28c5735ebe96a575710e55c0bd0978acad357953ffe?s=96&d=mm&r=g\",\"caption\":\"Olivia Sch\u00e4r\"},\"description\":\"Olivia Sch\u00e4r studierte Anglistik und Kunstgeschichte in Z\u00fcrich sowie Soziolinguistik an der Universit\u00e4t Bern. Als Assistentin am Institut sammelte sie erste Erfahrungen in der Stiftungsarbeit, vornehmlich bei der Antragstellung f\u00fcr wissenschaftliche Projekte. Sie arbeitete mehrere Jahre als Content Editorin und Texterin in Z\u00fcrcher Webagenturen. Zuletzt schloss sie eine journalistische Ausbildung ab mit Stationen im Wissenschaftsjournalismus bei SRF sowie als Video-Reporterin und Redakteurin bei CH Media. Aktuell ist sie im Content-Bereich und Digital Marketing bei Spheriq t\u00e4tig.\",\"url\":\"https:\/\/spheriq.ch\/blog\/fr\/author\/olivia-schaer\/\"}]}<\/script>\n<!-- \/ Yoast SEO plugin. -->","yoast_head_json":{"title":"Qu'est-ce que le troisi\u00e8me secteur ? - Spheriq-Blog","description":"Qu'est-ce que le troisi\u00e8me secteur ? Aper\u00e7u de la d\u00e9finition, de la d\u00e9limitation et de l'importance du troisi\u00e8me secteur en Suisse.","robots":{"index":"index","follow":"follow","max-snippet":"max-snippet:-1","max-image-preview":"max-image-preview:large","max-video-preview":"max-video-preview:-1"},"canonical":"https:\/\/spheriq.ch\/blog\/fr\/quest-ce-que-le-troisieme-secteur\/","og_locale":"fr_FR","og_type":"article","og_title":"Qu'est-ce que le troisi\u00e8me secteur ? - Spheriq-Blog","og_description":"Qu'est-ce que le troisi\u00e8me secteur ? Aper\u00e7u de la d\u00e9finition, de la d\u00e9limitation et de l'importance du troisi\u00e8me secteur en Suisse.","og_url":"https:\/\/spheriq.ch\/blog\/fr\/quest-ce-que-le-troisieme-secteur\/","og_site_name":"Spheriq-Blog","article_published_time":"2026-01-12T10:40:41+00:00","article_modified_time":"2026-01-12T10:45:00+00:00","og_image":[{"width":1024,"height":576,"url":"https:\/\/spheriq.ch\/blog\/wp-content\/uploads\/2025\/12\/dritter-sektor-1024x576.png","type":"image\/png"}],"author":"Olivia Sch\u00e4r","twitter_card":"summary_large_image","twitter_misc":{"\u00c9crit par":"Olivia Sch\u00e4r","Dur\u00e9e de lecture estim\u00e9e":"5 minutes"},"schema":{"@context":"https:\/\/schema.org","@graph":[{"@type":"Article","@id":"https:\/\/spheriq.ch\/blog\/fr\/quest-ce-que-le-troisieme-secteur\/#article","isPartOf":{"@id":"https:\/\/spheriq.ch\/blog\/fr\/quest-ce-que-le-troisieme-secteur\/"},"author":{"name":"Olivia Sch\u00e4r","@id":"https:\/\/spheriq.ch\/blog\/fr\/#\/schema\/person\/c9c59c1a57bf7955576790d53309a5f5"},"headline":"Qu&rsquo;est-ce que le troisi\u00e8me secteur ?","datePublished":"2026-01-12T10:40:41+00:00","dateModified":"2026-01-12T10:45:00+00:00","mainEntityOfPage":{"@id":"https:\/\/spheriq.ch\/blog\/fr\/quest-ce-que-le-troisieme-secteur\/"},"wordCount":1058,"commentCount":0,"image":{"@id":"https:\/\/spheriq.ch\/blog\/fr\/quest-ce-que-le-troisieme-secteur\/#primaryimage"},"thumbnailUrl":"https:\/\/spheriq.ch\/blog\/wp-content\/uploads\/2025\/12\/dritter-sektor.png","keywords":["Philanthropie","Stiftungssektor"],"articleSection":["Connaissances de promotion"],"inLanguage":"fr-FR","potentialAction":[{"@type":"CommentAction","name":"Comment","target":["https:\/\/spheriq.ch\/blog\/fr\/quest-ce-que-le-troisieme-secteur\/#respond"]}]},{"@type":"WebPage","@id":"https:\/\/spheriq.ch\/blog\/fr\/quest-ce-que-le-troisieme-secteur\/","url":"https:\/\/spheriq.ch\/blog\/fr\/quest-ce-que-le-troisieme-secteur\/","name":"Qu'est-ce que le troisi\u00e8me secteur ? - Spheriq-Blog","isPartOf":{"@id":"https:\/\/spheriq.ch\/blog\/fr\/#website"},"primaryImageOfPage":{"@id":"https:\/\/spheriq.ch\/blog\/fr\/quest-ce-que-le-troisieme-secteur\/#primaryimage"},"image":{"@id":"https:\/\/spheriq.ch\/blog\/fr\/quest-ce-que-le-troisieme-secteur\/#primaryimage"},"thumbnailUrl":"https:\/\/spheriq.ch\/blog\/wp-content\/uploads\/2025\/12\/dritter-sektor.png","datePublished":"2026-01-12T10:40:41+00:00","dateModified":"2026-01-12T10:45:00+00:00","author":{"@id":"https:\/\/spheriq.ch\/blog\/fr\/#\/schema\/person\/c9c59c1a57bf7955576790d53309a5f5"},"description":"Qu'est-ce que le troisi\u00e8me secteur ? Aper\u00e7u de la d\u00e9finition, de la d\u00e9limitation et de l'importance du troisi\u00e8me secteur en Suisse.","breadcrumb":{"@id":"https:\/\/spheriq.ch\/blog\/fr\/quest-ce-que-le-troisieme-secteur\/#breadcrumb"},"inLanguage":"fr-FR","potentialAction":[{"@type":"ReadAction","target":["https:\/\/spheriq.ch\/blog\/fr\/quest-ce-que-le-troisieme-secteur\/"]}]},{"@type":"ImageObject","inLanguage":"fr-FR","@id":"https:\/\/spheriq.ch\/blog\/fr\/quest-ce-que-le-troisieme-secteur\/#primaryimage","url":"https:\/\/spheriq.ch\/blog\/wp-content\/uploads\/2025\/12\/dritter-sektor.png","contentUrl":"https:\/\/spheriq.ch\/blog\/wp-content\/uploads\/2025\/12\/dritter-sektor.png","width":1920,"height":1080},{"@type":"BreadcrumbList","@id":"https:\/\/spheriq.ch\/blog\/fr\/quest-ce-que-le-troisieme-secteur\/#breadcrumb","itemListElement":[{"@type":"ListItem","position":1,"name":"Home","item":"https:\/\/spheriq.ch\/blog\/fr\/"},{"@type":"ListItem","position":2,"name":"Qu&#8217;est-ce que le troisi\u00e8me secteur ?"}]},{"@type":"WebSite","@id":"https:\/\/spheriq.ch\/blog\/fr\/#website","url":"https:\/\/spheriq.ch\/blog\/fr\/","name":"Spheriq-Blog","description":"Der Blog f\u00fcr Fundraiser, Stiftungsverwalter, Stiftungsr\u00e4te und alle, die sich f\u00fcr Fragen und Themen rund um den gemeinn\u00fctzigen Sektor interessieren.","potentialAction":[{"@type":"SearchAction","target":{"@type":"EntryPoint","urlTemplate":"https:\/\/spheriq.ch\/blog\/fr\/?s={search_term_string}"},"query-input":{"@type":"PropertyValueSpecification","valueRequired":true,"valueName":"search_term_string"}}],"inLanguage":"fr-FR"},{"@type":"Person","@id":"https:\/\/spheriq.ch\/blog\/fr\/#\/schema\/person\/c9c59c1a57bf7955576790d53309a5f5","name":"Olivia Sch\u00e4r","image":{"@type":"ImageObject","inLanguage":"fr-FR","@id":"https:\/\/spheriq.ch\/blog\/fr\/#\/schema\/person\/image\/","url":"https:\/\/secure.gravatar.com\/avatar\/0269d2be5c35a6cb88e6f28c5735ebe96a575710e55c0bd0978acad357953ffe?s=96&d=mm&r=g","contentUrl":"https:\/\/secure.gravatar.com\/avatar\/0269d2be5c35a6cb88e6f28c5735ebe96a575710e55c0bd0978acad357953ffe?s=96&d=mm&r=g","caption":"Olivia Sch\u00e4r"},"description":"Olivia Sch\u00e4r studierte Anglistik und Kunstgeschichte in Z\u00fcrich sowie Soziolinguistik an der Universit\u00e4t Bern. Als Assistentin am Institut sammelte sie erste Erfahrungen in der Stiftungsarbeit, vornehmlich bei der Antragstellung f\u00fcr wissenschaftliche Projekte. Sie arbeitete mehrere Jahre als Content Editorin und Texterin in Z\u00fcrcher Webagenturen. Zuletzt schloss sie eine journalistische Ausbildung ab mit Stationen im Wissenschaftsjournalismus bei SRF sowie als Video-Reporterin und Redakteurin bei CH Media. Aktuell ist sie im Content-Bereich und Digital Marketing bei Spheriq t\u00e4tig.","url":"https:\/\/spheriq.ch\/blog\/fr\/author\/olivia-schaer\/"}]}},"_links":{"self":[{"href":"https:\/\/spheriq.ch\/blog\/fr\/wp-json\/wp\/v2\/posts\/17491","targetHints":{"allow":["GET"]}}],"collection":[{"href":"https:\/\/spheriq.ch\/blog\/fr\/wp-json\/wp\/v2\/posts"}],"about":[{"href":"https:\/\/spheriq.ch\/blog\/fr\/wp-json\/wp\/v2\/types\/post"}],"author":[{"embeddable":true,"href":"https:\/\/spheriq.ch\/blog\/fr\/wp-json\/wp\/v2\/users\/49"}],"replies":[{"embeddable":true,"href":"https:\/\/spheriq.ch\/blog\/fr\/wp-json\/wp\/v2\/comments?post=17491"}],"version-history":[{"count":6,"href":"https:\/\/spheriq.ch\/blog\/fr\/wp-json\/wp\/v2\/posts\/17491\/revisions"}],"predecessor-version":[{"id":17549,"href":"https:\/\/spheriq.ch\/blog\/fr\/wp-json\/wp\/v2\/posts\/17491\/revisions\/17549"}],"wp:featuredmedia":[{"embeddable":true,"href":"https:\/\/spheriq.ch\/blog\/fr\/wp-json\/wp\/v2\/media\/17486"}],"wp:attachment":[{"href":"https:\/\/spheriq.ch\/blog\/fr\/wp-json\/wp\/v2\/media?parent=17491"}],"wp:term":[{"taxonomy":"category","embeddable":true,"href":"https:\/\/spheriq.ch\/blog\/fr\/wp-json\/wp\/v2\/categories?post=17491"},{"taxonomy":"post_tag","embeddable":true,"href":"https:\/\/spheriq.ch\/blog\/fr\/wp-json\/wp\/v2\/tags?post=17491"}],"curies":[{"name":"wp","href":"https:\/\/api.w.org\/{rel}","templated":true}]}}