{"id":19888,"date":"2026-08-26T07:25:15","date_gmt":"2026-08-26T05:25:15","guid":{"rendered":"https:\/\/spheriq.ch\/blog\/?p=19888"},"modified":"2026-08-25T14:45:22","modified_gmt":"2026-08-25T12:45:22","slug":"the-directory-is-growing-liechtenstein-is-now-on-spheriq","status":"publish","type":"post","link":"https:\/\/spheriq.ch\/blog\/en\/the-directory-is-growing-liechtenstein-is-now-on-spheriq\/","title":{"rendered":"The directory is growing: Liechtenstein is now on Spheriq"},"content":{"rendered":"\n<p class=\"is-style-lead wp-block-paragraph\"><strong>The funding landscape does not end at the Swiss border. Liechtenstein\u2019s nonprofit foundations can now also be searched in the Spheriq directory. This expands the search scope for nonprofits and fundraisers to include a small but significant hub for philanthropy.<\/strong><\/p>\n\n<p class=\"wp-block-paragraph\">Anyone researching grant-making foundations should not stop at the national border. Liechtenstein, in particular, despite its modest size, is a major hub for philanthropy and thus a promising part of the grant-making landscape for many Swiss nonprofits. A frequently expressed wish from our users was therefore to be able to search for Liechtenstein-based grant-making foundations directly on Spheriq. That is now possible: <strong>Liechtenstein\u2019s nonprofit foundations are now part of the Spheriq directory.<\/strong> The foundation is in place and is being continuously expanded with additional information. <\/p>\n\n<h2 id=\"a-small-country-with-a-high-concentration-of-foundations\"  class=\"wp-block-heading\"><strong>A small country with a high concentration of foundations<\/strong> <\/h2>\n\n<p class=\"wp-block-paragraph\">Anyone who first thinks of Liechtenstein\u2019s area or population is underestimating the <a href=\"https:\/\/thephilanthropist.ch\/tradition-trifft-auf-innovation\/\">scale of its foundation sector<\/a>. At the end of 2024, there were 1,398 nonprofit foundations in the Principality. By comparison, Switzerland had 13,722 at the same time\u2014with a population roughly 225 times larger.  <\/p>\n\n<p class=\"wp-block-paragraph\">The conditions for philanthropic engagement are also noteworthy. In the 2025 Global Philanthropy Environment Index, Liechtenstein ranks first, just ahead of Switzerland. The index evaluates, among other things, the legal and tax frameworks, opportunities for cross-border donations, and the political and economic environment.  <\/p>\n\n<p class=\"wp-block-paragraph\">Particularly relevant to funding practices: Liechtenstein foundation law <a href=\"https:\/\/thephilanthropist.ch\/diskret-und-transparent-lokal-und-global\/\">does not require charitable foundations to restrict the use of their funds<\/a> to Liechtenstein. Accordingly, they may also provide funding internationally. <\/p>\n\n<p class=\"wp-block-paragraph\">For fundraisers, it is therefore particularly worthwhile to look across the Rhine. <\/p>\n\n<h2 id=\"until-now-research-ended-too-soon\"  class=\"wp-block-heading\"><strong>Until now, research ended too soon<\/strong> <\/h2>\n\n<p class=\"wp-block-paragraph\">Until now, Spheriq has allowed nonprofits and grantmaking organizations to conduct comprehensive research within the Swiss foundation landscape. Anyone wishing to expand their search radius to Liechtenstein had to consult additional sources and then incorporate the information found into their own work. <\/p>\n\n<p class=\"wp-block-paragraph\">This meant that a significant portion of the foundation landscape was missing\u2014particularly for organizations in Eastern Switzerland, but also for nonprofits operating nationwide or internationally. <\/p>\n\n<p class=\"wp-block-paragraph\">The fact that access to grant-making foundations is not always easy, even within Liechtenstein, is also evident within the sector itself. The <a href=\"https:\/\/thephilanthropist.ch\/philanthropie-made-in-liechtenstein\/\">Association of Liechtenstein Charitable Foundations and Trusts (VLGST<\/a> ) points out that NGOs and associations may have difficulty identifying suitable foundations and gaining access to them. At the same time, many foundations deliberately operate behind the scenes and vary in their level of public visibility. <\/p>\n\n<p class=\"wp-block-paragraph\">This is precisely where structured data makes a difference. <\/p>\n\n<h2 id=\"liechtenstein-is-now-part-of-the-spheriq-directory\"  class=\"wp-block-heading\"><strong>Liechtenstein is now part of the Spheriq directory<\/strong> <\/h2>\n\n<p class=\"wp-block-paragraph\">Until now, the Spheriq directory has included all Swiss charitable foundations as well as other organizations from Switzerland and abroad. With the addition of charitable foundations from Liechtenstein, this search pool expands to include many more potential funding organizations for Swiss nonprofits. As a first step, Liechtenstein\u2019s charitable foundations are now available on Spheriq along with their basic organizational data and locations. This makes them searchable and allows them to be directly included in existing searches.  <\/p>\n\n<p class=\"wp-block-paragraph\">For a growing number of foundations, the information is already being shared more widely. Depending on the available data, we supplement the information with the following, among other things: <\/p>\n\n<ul class=\"wp-block-list\">\n<li>the foundation\u2019s <strong>purpose<\/strong> <\/li>\n<\/ul>\n\n<ul class=\"wp-block-list\">\n<li>known governing <strong>bodies<\/strong> <\/li>\n<\/ul>\n\n<ul class=\"wp-block-list\">\n<li>a <strong>thematic classification<\/strong> of the foundation <\/li>\n<\/ul>\n\n<p class=\"wp-block-paragraph\">In this way, a registry entry is gradually transformed into a profile that can actually be used for grant research in fundraising. <\/p>\n\n<p class=\"wp-block-paragraph\">It\u2019s important to note that <strong>this process is not yet complete.<\/strong> Not every Liechtenstein foundation profile currently offers the same level of detail. This is due to the fundamentally different starting point compared to Switzerland\u2014much of the information that is freely accessible in the Swiss Commercial Register is not disclosed in the Liechtenstein Commercial Register. However, the data is now being continuously reviewed, supplemented, and organized. So where only basic information is available today, further details regarding the foundation\u2019s funding focus may be added as early as tomorrow. <\/p>\n<div class=\"cta-box wp-block-custom-cta-box\">\r\n\t<div class=\"cta-box__inner\">\r\n\t\t\n\n<h3 id=\"do-you-represent-a-liechtenstein-foundation\"  class=\"wp-block-heading has-black-color has-text-color has-link-color wp-elements-1\">Do you represent a Liechtenstein foundation?<\/h3>\n\n\n\n<p class=\"has-black-color has-text-color has-link-color wp-elements-2 wp-block-paragraph\">Then you can take over management of your foundation profile on Spheriq. You can enrich the profile with additional information and use it seamlessly in conjunction with the platform\u2019s other features.<\/p>\n\n\n\n<p class=\"has-black-color has-text-color has-link-color wp-elements-3 wp-block-paragraph\"><a href=\"https:\/\/support.spheriq.ch\/de\/articles\/392859-als-organisationsvertretung-einer-stiftung-verifizieren-so-lost-du-deinen-code-ein\">Get started now<\/a><\/p>\n\n\t<\/div>\r\n<\/div>\r\n\n<h2 id=\"growing-data-depth\"  class=\"wp-block-heading\">Growing <strong>Data Depth<\/strong><\/h2>\n\n<p class=\"wp-block-paragraph\">Liechtenstein\u2019s inclusion is not a one-time data import, but rather the beginning of an ongoing expansion. <\/p>\n\n<p class=\"wp-block-paragraph\">Our goal is to gradually supplement the profiles with the information that is actually relevant for conducting thorough grant research. The same principle applies here as for the entire Spheriq directory: <strong>Data should not only be available, but also as up-to-date, structured, and practical as possible. <\/strong>A key element in this effort is the <a href=\"https:\/\/spheriq.ch\/blog\/en\/grant-logic-makes-foundations-digitally-accessible\/\">funding logic<\/a>, which we add wherever there is sufficient information\u2014ideally in direct collaboration with the funding organization.  <\/p>\n\n<p class=\"wp-block-paragraph\">The more information becomes available, the more accurately a foundation can be assessed. And the faster fundraisers can distinguish between a merely interesting name and a funding organization that is actually worth a more in-depth review. <\/p>\n\n<p class=\"wp-block-paragraph\">In the future, national borders shouldn\u2019t determine where a good partnership begins.  <\/p>\n\n<p class=\"wp-block-paragraph\"><strong>What addition to the Spheriq directory would you like to see next? <\/strong><br\/><a href=\"mailto:yara.ouertani@spheriq.ch\">Write to us and share your ideas.<\/a><\/p>\n","protected":false},"excerpt":{"rendered":"The funding landscape does not end at the Swiss border. Liechtenstein\u2019s nonprofit foundations can now also be searched in the Spheriq directory. This expands the search scope for nonprofits and fundraisers to include a small but significant hub for philanthropy. Anyone researching grant-making foundations should not stop at the national border. Liechtenstein, in particular, despite&#8230;","protected":false},"author":39,"featured_media":19870,"comment_status":"open","ping_status":"open","sticky":false,"template":"","format":"image","meta":{"_acf_changed":false,"footnotes":""},"categories":[1126,1132,1180],"tags":[],"post_label":[],"class_list":["post-19888","post","type-post","status-publish","format-image","has-post-thumbnail","hentry","category-international-en","category-research-en-2","category-support-development","post_format-post-format-image"],"acf":[],"yoast_head":"<!-- This site is optimized with the Yoast SEO plugin v28.2 - https:\/\/yoast.com\/product\/yoast-seo-wordpress\/ -->\n<title>The directory is growing: Liechtenstein is now on Spheriq - Spheriq-Blog<\/title>\n<meta name=\"robots\" content=\"index, follow, max-snippet:-1, max-image-preview:large, max-video-preview:-1\" \/>\n<link rel=\"canonical\" href=\"https:\/\/spheriq.ch\/blog\/en\/the-directory-is-growing-liechtenstein-is-now-on-spheriq\/\" \/>\n<meta property=\"og:locale\" content=\"en_US\" \/>\n<meta property=\"og:type\" content=\"article\" \/>\n<meta property=\"og:title\" content=\"The directory is growing: Liechtenstein is now on Spheriq - Spheriq-Blog\" \/>\n<meta property=\"og:description\" content=\"The funding landscape does not end at the Swiss border. Liechtenstein\u2019s nonprofit foundations can now also be searched in the Spheriq directory. This expands the search scope for nonprofits and fundraisers to include a small but significant hub for philanthropy. Anyone researching grant-making foundations should not stop at the national border. Liechtenstein, in particular, despite...\" \/>\n<meta property=\"og:url\" content=\"https:\/\/spheriq.ch\/blog\/en\/the-directory-is-growing-liechtenstein-is-now-on-spheriq\/\" \/>\n<meta property=\"og:site_name\" content=\"Spheriq-Blog\" \/>\n<meta property=\"article:published_time\" content=\"2026-08-26T05:25:15+00:00\" \/>\n<meta property=\"og:image\" content=\"https:\/\/spheriq.ch\/blog\/wp-content\/uploads\/2026\/08\/Liechtenstein.png\" \/>\n\t<meta property=\"og:image:width\" content=\"1119\" \/>\n\t<meta property=\"og:image:height\" content=\"687\" \/>\n\t<meta property=\"og:image:type\" content=\"image\/png\" \/>\n<meta name=\"author\" content=\"Yara Ouertani\" \/>\n<meta name=\"twitter:card\" content=\"summary_large_image\" \/>\n<meta name=\"twitter:label1\" content=\"Written by\" \/>\n\t<meta name=\"twitter:data1\" content=\"Yara Ouertani\" \/>\n\t<meta name=\"twitter:label2\" content=\"Est. reading time\" \/>\n\t<meta name=\"twitter:data2\" content=\"4 minutes\" \/>\n<script type=\"application\/ld+json\" class=\"yoast-schema-graph\">{\"@context\":\"https:\\\/\\\/schema.org\",\"@graph\":[{\"@type\":\"Article\",\"@id\":\"https:\\\/\\\/spheriq.ch\\\/blog\\\/en\\\/the-directory-is-growing-liechtenstein-is-now-on-spheriq\\\/#article\",\"isPartOf\":{\"@id\":\"https:\\\/\\\/spheriq.ch\\\/blog\\\/en\\\/the-directory-is-growing-liechtenstein-is-now-on-spheriq\\\/\"},\"author\":{\"name\":\"Yara Ouertani\",\"@id\":\"https:\\\/\\\/spheriq.ch\\\/blog\\\/en\\\/#\\\/schema\\\/person\\\/37deca52244cf8f09f9f2b9a45fe55f0\"},\"headline\":\"The directory is growing: Liechtenstein is now on Spheriq\",\"datePublished\":\"2026-08-26T05:25:15+00:00\",\"mainEntityOfPage\":{\"@id\":\"https:\\\/\\\/spheriq.ch\\\/blog\\\/en\\\/the-directory-is-growing-liechtenstein-is-now-on-spheriq\\\/\"},\"wordCount\":861,\"commentCount\":0,\"image\":{\"@id\":\"https:\\\/\\\/spheriq.ch\\\/blog\\\/en\\\/the-directory-is-growing-liechtenstein-is-now-on-spheriq\\\/#primaryimage\"},\"thumbnailUrl\":\"https:\\\/\\\/spheriq.ch\\\/blog\\\/wp-content\\\/uploads\\\/2026\\\/08\\\/Liechtenstein.png\",\"articleSection\":[\"International\",\"Research\",\"Support &amp; Development\"],\"inLanguage\":\"en-US\",\"potentialAction\":[{\"@type\":\"CommentAction\",\"name\":\"Comment\",\"target\":[\"https:\\\/\\\/spheriq.ch\\\/blog\\\/en\\\/the-directory-is-growing-liechtenstein-is-now-on-spheriq\\\/#respond\"]}]},{\"@type\":\"WebPage\",\"@id\":\"https:\\\/\\\/spheriq.ch\\\/blog\\\/en\\\/the-directory-is-growing-liechtenstein-is-now-on-spheriq\\\/\",\"url\":\"https:\\\/\\\/spheriq.ch\\\/blog\\\/en\\\/the-directory-is-growing-liechtenstein-is-now-on-spheriq\\\/\",\"name\":\"The directory is growing: Liechtenstein is now on Spheriq - Spheriq-Blog\",\"isPartOf\":{\"@id\":\"https:\\\/\\\/spheriq.ch\\\/blog\\\/en\\\/#website\"},\"primaryImageOfPage\":{\"@id\":\"https:\\\/\\\/spheriq.ch\\\/blog\\\/en\\\/the-directory-is-growing-liechtenstein-is-now-on-spheriq\\\/#primaryimage\"},\"image\":{\"@id\":\"https:\\\/\\\/spheriq.ch\\\/blog\\\/en\\\/the-directory-is-growing-liechtenstein-is-now-on-spheriq\\\/#primaryimage\"},\"thumbnailUrl\":\"https:\\\/\\\/spheriq.ch\\\/blog\\\/wp-content\\\/uploads\\\/2026\\\/08\\\/Liechtenstein.png\",\"datePublished\":\"2026-08-26T05:25:15+00:00\",\"author\":{\"@id\":\"https:\\\/\\\/spheriq.ch\\\/blog\\\/en\\\/#\\\/schema\\\/person\\\/37deca52244cf8f09f9f2b9a45fe55f0\"},\"breadcrumb\":{\"@id\":\"https:\\\/\\\/spheriq.ch\\\/blog\\\/en\\\/the-directory-is-growing-liechtenstein-is-now-on-spheriq\\\/#breadcrumb\"},\"inLanguage\":\"en-US\",\"potentialAction\":[{\"@type\":\"ReadAction\",\"target\":[\"https:\\\/\\\/spheriq.ch\\\/blog\\\/en\\\/the-directory-is-growing-liechtenstein-is-now-on-spheriq\\\/\"]}]},{\"@type\":\"ImageObject\",\"inLanguage\":\"en-US\",\"@id\":\"https:\\\/\\\/spheriq.ch\\\/blog\\\/en\\\/the-directory-is-growing-liechtenstein-is-now-on-spheriq\\\/#primaryimage\",\"url\":\"https:\\\/\\\/spheriq.ch\\\/blog\\\/wp-content\\\/uploads\\\/2026\\\/08\\\/Liechtenstein.png\",\"contentUrl\":\"https:\\\/\\\/spheriq.ch\\\/blog\\\/wp-content\\\/uploads\\\/2026\\\/08\\\/Liechtenstein.png\",\"width\":1119,\"height\":687},{\"@type\":\"BreadcrumbList\",\"@id\":\"https:\\\/\\\/spheriq.ch\\\/blog\\\/en\\\/the-directory-is-growing-liechtenstein-is-now-on-spheriq\\\/#breadcrumb\",\"itemListElement\":[{\"@type\":\"ListItem\",\"position\":1,\"name\":\"Home\",\"item\":\"https:\\\/\\\/spheriq.ch\\\/blog\\\/en\\\/\"},{\"@type\":\"ListItem\",\"position\":2,\"name\":\"The directory is growing: Liechtenstein is now on Spheriq\"}]},{\"@type\":\"WebSite\",\"@id\":\"https:\\\/\\\/spheriq.ch\\\/blog\\\/en\\\/#website\",\"url\":\"https:\\\/\\\/spheriq.ch\\\/blog\\\/en\\\/\",\"name\":\"Spheriq-Blog\",\"description\":\"Der Blog f\u00fcr Fundraiser, Stiftungsverwalter, Stiftungsr\u00e4te und alle, die sich f\u00fcr Fragen und Themen rund um den gemeinn\u00fctzigen Sektor interessieren.\",\"potentialAction\":[{\"@type\":\"SearchAction\",\"target\":{\"@type\":\"EntryPoint\",\"urlTemplate\":\"https:\\\/\\\/spheriq.ch\\\/blog\\\/en\\\/?s={search_term_string}\"},\"query-input\":{\"@type\":\"PropertyValueSpecification\",\"valueRequired\":true,\"valueName\":\"search_term_string\"}}],\"inLanguage\":\"en-US\"},{\"@type\":\"Person\",\"@id\":\"https:\\\/\\\/spheriq.ch\\\/blog\\\/en\\\/#\\\/schema\\\/person\\\/37deca52244cf8f09f9f2b9a45fe55f0\",\"name\":\"Yara Ouertani\",\"image\":{\"@type\":\"ImageObject\",\"inLanguage\":\"en-US\",\"@id\":\"https:\\\/\\\/secure.gravatar.com\\\/avatar\\\/0feeeae4b4cbf835d3b114ef8b4928de6cece896f7d0789f1b6fbebef8bd2a66?s=96&d=mm&r=g\",\"url\":\"https:\\\/\\\/secure.gravatar.com\\\/avatar\\\/0feeeae4b4cbf835d3b114ef8b4928de6cece896f7d0789f1b6fbebef8bd2a66?s=96&d=mm&r=g\",\"contentUrl\":\"https:\\\/\\\/secure.gravatar.com\\\/avatar\\\/0feeeae4b4cbf835d3b114ef8b4928de6cece896f7d0789f1b6fbebef8bd2a66?s=96&d=mm&r=g\",\"caption\":\"Yara Ouertani\"},\"description\":\"Yara Ouertani is responsible for the stakeholder directory and data quality at Spheriq. On her blog, she writes about a wide range of topics related to the company and the foundation landscape.\",\"url\":\"https:\\\/\\\/spheriq.ch\\\/blog\\\/en\\\/author\\\/yara-miescher\\\/\"}]}<\/script>\n<!-- \/ Yoast SEO plugin. -->","yoast_head_json":{"title":"The directory is growing: Liechtenstein is now on Spheriq - Spheriq-Blog","robots":{"index":"index","follow":"follow","max-snippet":"max-snippet:-1","max-image-preview":"max-image-preview:large","max-video-preview":"max-video-preview:-1"},"canonical":"https:\/\/spheriq.ch\/blog\/en\/the-directory-is-growing-liechtenstein-is-now-on-spheriq\/","og_locale":"en_US","og_type":"article","og_title":"The directory is growing: Liechtenstein is now on Spheriq - Spheriq-Blog","og_description":"The funding landscape does not end at the Swiss border. Liechtenstein\u2019s nonprofit foundations can now also be searched in the Spheriq directory. This expands the search scope for nonprofits and fundraisers to include a small but significant hub for philanthropy. Anyone researching grant-making foundations should not stop at the national border. Liechtenstein, in particular, despite...","og_url":"https:\/\/spheriq.ch\/blog\/en\/the-directory-is-growing-liechtenstein-is-now-on-spheriq\/","og_site_name":"Spheriq-Blog","article_published_time":"2026-08-26T05:25:15+00:00","og_image":[{"width":1119,"height":687,"url":"https:\/\/spheriq.ch\/blog\/wp-content\/uploads\/2026\/08\/Liechtenstein.png","type":"image\/png"}],"author":"Yara Ouertani","twitter_card":"summary_large_image","twitter_misc":{"Written by":"Yara Ouertani","Est. reading time":"4 minutes"},"schema":{"@context":"https:\/\/schema.org","@graph":[{"@type":"Article","@id":"https:\/\/spheriq.ch\/blog\/en\/the-directory-is-growing-liechtenstein-is-now-on-spheriq\/#article","isPartOf":{"@id":"https:\/\/spheriq.ch\/blog\/en\/the-directory-is-growing-liechtenstein-is-now-on-spheriq\/"},"author":{"name":"Yara Ouertani","@id":"https:\/\/spheriq.ch\/blog\/en\/#\/schema\/person\/37deca52244cf8f09f9f2b9a45fe55f0"},"headline":"The directory is growing: Liechtenstein is now on Spheriq","datePublished":"2026-08-26T05:25:15+00:00","mainEntityOfPage":{"@id":"https:\/\/spheriq.ch\/blog\/en\/the-directory-is-growing-liechtenstein-is-now-on-spheriq\/"},"wordCount":861,"commentCount":0,"image":{"@id":"https:\/\/spheriq.ch\/blog\/en\/the-directory-is-growing-liechtenstein-is-now-on-spheriq\/#primaryimage"},"thumbnailUrl":"https:\/\/spheriq.ch\/blog\/wp-content\/uploads\/2026\/08\/Liechtenstein.png","articleSection":["International","Research","Support &amp; Development"],"inLanguage":"en-US","potentialAction":[{"@type":"CommentAction","name":"Comment","target":["https:\/\/spheriq.ch\/blog\/en\/the-directory-is-growing-liechtenstein-is-now-on-spheriq\/#respond"]}]},{"@type":"WebPage","@id":"https:\/\/spheriq.ch\/blog\/en\/the-directory-is-growing-liechtenstein-is-now-on-spheriq\/","url":"https:\/\/spheriq.ch\/blog\/en\/the-directory-is-growing-liechtenstein-is-now-on-spheriq\/","name":"The directory is growing: Liechtenstein is now on Spheriq - Spheriq-Blog","isPartOf":{"@id":"https:\/\/spheriq.ch\/blog\/en\/#website"},"primaryImageOfPage":{"@id":"https:\/\/spheriq.ch\/blog\/en\/the-directory-is-growing-liechtenstein-is-now-on-spheriq\/#primaryimage"},"image":{"@id":"https:\/\/spheriq.ch\/blog\/en\/the-directory-is-growing-liechtenstein-is-now-on-spheriq\/#primaryimage"},"thumbnailUrl":"https:\/\/spheriq.ch\/blog\/wp-content\/uploads\/2026\/08\/Liechtenstein.png","datePublished":"2026-08-26T05:25:15+00:00","author":{"@id":"https:\/\/spheriq.ch\/blog\/en\/#\/schema\/person\/37deca52244cf8f09f9f2b9a45fe55f0"},"breadcrumb":{"@id":"https:\/\/spheriq.ch\/blog\/en\/the-directory-is-growing-liechtenstein-is-now-on-spheriq\/#breadcrumb"},"inLanguage":"en-US","potentialAction":[{"@type":"ReadAction","target":["https:\/\/spheriq.ch\/blog\/en\/the-directory-is-growing-liechtenstein-is-now-on-spheriq\/"]}]},{"@type":"ImageObject","inLanguage":"en-US","@id":"https:\/\/spheriq.ch\/blog\/en\/the-directory-is-growing-liechtenstein-is-now-on-spheriq\/#primaryimage","url":"https:\/\/spheriq.ch\/blog\/wp-content\/uploads\/2026\/08\/Liechtenstein.png","contentUrl":"https:\/\/spheriq.ch\/blog\/wp-content\/uploads\/2026\/08\/Liechtenstein.png","width":1119,"height":687},{"@type":"BreadcrumbList","@id":"https:\/\/spheriq.ch\/blog\/en\/the-directory-is-growing-liechtenstein-is-now-on-spheriq\/#breadcrumb","itemListElement":[{"@type":"ListItem","position":1,"name":"Home","item":"https:\/\/spheriq.ch\/blog\/en\/"},{"@type":"ListItem","position":2,"name":"The directory is growing: Liechtenstein is now on Spheriq"}]},{"@type":"WebSite","@id":"https:\/\/spheriq.ch\/blog\/en\/#website","url":"https:\/\/spheriq.ch\/blog\/en\/","name":"Spheriq-Blog","description":"Der Blog f\u00fcr Fundraiser, Stiftungsverwalter, Stiftungsr\u00e4te und alle, die sich f\u00fcr Fragen und Themen rund um den gemeinn\u00fctzigen Sektor interessieren.","potentialAction":[{"@type":"SearchAction","target":{"@type":"EntryPoint","urlTemplate":"https:\/\/spheriq.ch\/blog\/en\/?s={search_term_string}"},"query-input":{"@type":"PropertyValueSpecification","valueRequired":true,"valueName":"search_term_string"}}],"inLanguage":"en-US"},{"@type":"Person","@id":"https:\/\/spheriq.ch\/blog\/en\/#\/schema\/person\/37deca52244cf8f09f9f2b9a45fe55f0","name":"Yara Ouertani","image":{"@type":"ImageObject","inLanguage":"en-US","@id":"https:\/\/secure.gravatar.com\/avatar\/0feeeae4b4cbf835d3b114ef8b4928de6cece896f7d0789f1b6fbebef8bd2a66?s=96&d=mm&r=g","url":"https:\/\/secure.gravatar.com\/avatar\/0feeeae4b4cbf835d3b114ef8b4928de6cece896f7d0789f1b6fbebef8bd2a66?s=96&d=mm&r=g","contentUrl":"https:\/\/secure.gravatar.com\/avatar\/0feeeae4b4cbf835d3b114ef8b4928de6cece896f7d0789f1b6fbebef8bd2a66?s=96&d=mm&r=g","caption":"Yara Ouertani"},"description":"Yara Ouertani is responsible for the stakeholder directory and data quality at Spheriq. On her blog, she writes about a wide range of topics related to the company and the foundation landscape.","url":"https:\/\/spheriq.ch\/blog\/en\/author\/yara-miescher\/"}]}},"_links":{"self":[{"href":"https:\/\/spheriq.ch\/blog\/en\/wp-json\/wp\/v2\/posts\/19888","targetHints":{"allow":["GET"]}}],"collection":[{"href":"https:\/\/spheriq.ch\/blog\/en\/wp-json\/wp\/v2\/posts"}],"about":[{"href":"https:\/\/spheriq.ch\/blog\/en\/wp-json\/wp\/v2\/types\/post"}],"author":[{"embeddable":true,"href":"https:\/\/spheriq.ch\/blog\/en\/wp-json\/wp\/v2\/users\/39"}],"replies":[{"embeddable":true,"href":"https:\/\/spheriq.ch\/blog\/en\/wp-json\/wp\/v2\/comments?post=19888"}],"version-history":[{"count":1,"href":"https:\/\/spheriq.ch\/blog\/en\/wp-json\/wp\/v2\/posts\/19888\/revisions"}],"predecessor-version":[{"id":19889,"href":"https:\/\/spheriq.ch\/blog\/en\/wp-json\/wp\/v2\/posts\/19888\/revisions\/19889"}],"wp:featuredmedia":[{"embeddable":true,"href":"https:\/\/spheriq.ch\/blog\/en\/wp-json\/wp\/v2\/media\/19870"}],"wp:attachment":[{"href":"https:\/\/spheriq.ch\/blog\/en\/wp-json\/wp\/v2\/media?parent=19888"}],"wp:term":[{"taxonomy":"category","embeddable":true,"href":"https:\/\/spheriq.ch\/blog\/en\/wp-json\/wp\/v2\/categories?post=19888"},{"taxonomy":"post_tag","embeddable":true,"href":"https:\/\/spheriq.ch\/blog\/en\/wp-json\/wp\/v2\/tags?post=19888"},{"taxonomy":"post_label","embeddable":true,"href":"https:\/\/spheriq.ch\/blog\/en\/wp-json\/wp\/v2\/post_label?post=19888"}],"curies":[{"name":"wp","href":"https:\/\/api.w.org\/{rel}","templated":true}]}}